{"id":95827,"date":"2025-05-27T11:39:40","date_gmt":"2025-05-27T11:39:40","guid":{"rendered":"https:\/\/estado29.mx\/?p=95827"},"modified":"2025-06-13T19:26:54","modified_gmt":"2025-06-13T19:26:54","slug":"impulsa-presidente-alfonso-sanchez-financiamiento-y-soberania-alimentaria-en-sesion-del-consejo-de-desarrollo-rural","status":"publish","type":"post","link":"https:\/\/estado29.mx\/?p=95827","title":{"rendered":"Impulsa presidente Alfonso S\u00e1nchez financiamiento y soberan\u00eda alimentaria en sesi\u00f3n del Consejo de Desarrollo Rural"},"content":{"rendered":"<figure class=\"wp-block-post-featured-image\"><img loading=\"lazy\" decoding=\"async\" width=\"1600\" height=\"1066\" src=\"https:\/\/estado29.mx\/wp-content\/uploads\/2025\/05\/IMG-20250527-WA0212.jpg\" class=\"attachment-post-thumbnail size-post-thumbnail wp-post-image\" alt=\"\" style=\"object-fit:cover;\" srcset=\"https:\/\/estado29.mx\/wp-content\/uploads\/2025\/05\/IMG-20250527-WA0212.jpg 1600w, https:\/\/estado29.mx\/wp-content\/uploads\/2025\/05\/IMG-20250527-WA0212-300x200.jpg 300w, https:\/\/estado29.mx\/wp-content\/uploads\/2025\/05\/IMG-20250527-WA0212-1024x682.jpg 1024w, https:\/\/estado29.mx\/wp-content\/uploads\/2025\/05\/IMG-20250527-WA0212-768x512.jpg 768w, https:\/\/estado29.mx\/wp-content\/uploads\/2025\/05\/IMG-20250527-WA0212-1536x1023.jpg 1536w, https:\/\/estado29.mx\/wp-content\/uploads\/2025\/05\/IMG-20250527-WA0212-750x500.jpg 750w, https:\/\/estado29.mx\/wp-content\/uploads\/2025\/05\/IMG-20250527-WA0212-1140x760.jpg 1140w\" sizes=\"auto, (max-width: 1600px) 100vw, 1600px\" \/><\/figure>\n\n\n<p>Esta sesi\u00f3n tuvo como objetivo definir estrategias concretas que fortalezcan las actividades agropecuarias y garanticen el desarrollo rural con justicia social<\/p>\n\n\n\n<p>El presidente municipal de Tlaxcala, Alfonso S\u00e1nchez Garc\u00eda, encabez\u00f3 la segunda sesi\u00f3n del Consejo Municipal de Desarrollo Rural Sustentable, realizada en la comunidad de San Lucas Cuauhtelulpan, donde se abordaron temas trascendentales para respaldar a las y los productores del municipio, especialmente en las zonas donde el campo sigue siendo una fuente principal de sustento.<\/p>\n\n\n\n<figure class=\"wp-block-gallery has-nested-images columns-default is-cropped wp-block-gallery-1 is-layout-flex wp-block-gallery-is-layout-flex\">\n<figure class=\"wp-block-image size-large\"><img loading=\"lazy\" decoding=\"async\" width=\"1024\" height=\"682\" data-id=\"95829\" src=\"https:\/\/estado29.mx\/wp-content\/uploads\/2025\/05\/1000382731-1024x682.jpg\" alt=\"\" class=\"wp-image-95829\" srcset=\"https:\/\/estado29.mx\/wp-content\/uploads\/2025\/05\/1000382731-1024x682.jpg 1024w, https:\/\/estado29.mx\/wp-content\/uploads\/2025\/05\/1000382731-300x200.jpg 300w, https:\/\/estado29.mx\/wp-content\/uploads\/2025\/05\/1000382731-768x512.jpg 768w, https:\/\/estado29.mx\/wp-content\/uploads\/2025\/05\/1000382731-1536x1023.jpg 1536w, https:\/\/estado29.mx\/wp-content\/uploads\/2025\/05\/1000382731-750x500.jpg 750w, https:\/\/estado29.mx\/wp-content\/uploads\/2025\/05\/1000382731-1140x760.jpg 1140w, https:\/\/estado29.mx\/wp-content\/uploads\/2025\/05\/1000382731.jpg 1600w\" sizes=\"auto, (max-width: 1024px) 100vw, 1024px\" \/><\/figure>\n\n\n\n<figure class=\"wp-block-image size-large\"><img loading=\"lazy\" decoding=\"async\" width=\"1024\" height=\"682\" data-id=\"95830\" src=\"https:\/\/estado29.mx\/wp-content\/uploads\/2025\/05\/1000382729-1024x682.jpg\" alt=\"\" class=\"wp-image-95830\" srcset=\"https:\/\/estado29.mx\/wp-content\/uploads\/2025\/05\/1000382729-1024x682.jpg 1024w, https:\/\/estado29.mx\/wp-content\/uploads\/2025\/05\/1000382729-300x200.jpg 300w, https:\/\/estado29.mx\/wp-content\/uploads\/2025\/05\/1000382729-768x512.jpg 768w, https:\/\/estado29.mx\/wp-content\/uploads\/2025\/05\/1000382729-1536x1023.jpg 1536w, https:\/\/estado29.mx\/wp-content\/uploads\/2025\/05\/1000382729-750x500.jpg 750w, https:\/\/estado29.mx\/wp-content\/uploads\/2025\/05\/1000382729-1140x760.jpg 1140w, https:\/\/estado29.mx\/wp-content\/uploads\/2025\/05\/1000382729.jpg 1600w\" sizes=\"auto, (max-width: 1024px) 100vw, 1024px\" \/><\/figure>\n\n\n\n<figure class=\"wp-block-image size-large\"><img loading=\"lazy\" decoding=\"async\" width=\"1024\" height=\"682\" data-id=\"95832\" src=\"https:\/\/estado29.mx\/wp-content\/uploads\/2025\/05\/1000382725-1024x682.jpg\" alt=\"\" class=\"wp-image-95832\" srcset=\"https:\/\/estado29.mx\/wp-content\/uploads\/2025\/05\/1000382725-1024x682.jpg 1024w, https:\/\/estado29.mx\/wp-content\/uploads\/2025\/05\/1000382725-300x200.jpg 300w, https:\/\/estado29.mx\/wp-content\/uploads\/2025\/05\/1000382725-768x512.jpg 768w, https:\/\/estado29.mx\/wp-content\/uploads\/2025\/05\/1000382725-1536x1023.jpg 1536w, https:\/\/estado29.mx\/wp-content\/uploads\/2025\/05\/1000382725-750x500.jpg 750w, https:\/\/estado29.mx\/wp-content\/uploads\/2025\/05\/1000382725-1140x760.jpg 1140w, https:\/\/estado29.mx\/wp-content\/uploads\/2025\/05\/1000382725.jpg 1600w\" sizes=\"auto, (max-width: 1024px) 100vw, 1024px\" \/><\/figure>\n\n\n\n<figure class=\"wp-block-image size-large\"><img loading=\"lazy\" decoding=\"async\" width=\"1024\" height=\"682\" data-id=\"95831\" src=\"https:\/\/estado29.mx\/wp-content\/uploads\/2025\/05\/1000382727-1024x682.jpg\" alt=\"\" class=\"wp-image-95831\" srcset=\"https:\/\/estado29.mx\/wp-content\/uploads\/2025\/05\/1000382727-1024x682.jpg 1024w, https:\/\/estado29.mx\/wp-content\/uploads\/2025\/05\/1000382727-300x200.jpg 300w, https:\/\/estado29.mx\/wp-content\/uploads\/2025\/05\/1000382727-768x512.jpg 768w, https:\/\/estado29.mx\/wp-content\/uploads\/2025\/05\/1000382727-1536x1023.jpg 1536w, https:\/\/estado29.mx\/wp-content\/uploads\/2025\/05\/1000382727-750x500.jpg 750w, https:\/\/estado29.mx\/wp-content\/uploads\/2025\/05\/1000382727-1140x760.jpg 1140w, https:\/\/estado29.mx\/wp-content\/uploads\/2025\/05\/1000382727.jpg 1600w\" sizes=\"auto, (max-width: 1024px) 100vw, 1024px\" \/><\/figure>\n<\/figure>\n\n\n\n<p>Durante su intervenci\u00f3n, el edil reconoci\u00f3 que el verdadero desarrollo de una naci\u00f3n se construye desde sus cimientos, y que el campo debe ocupar un lugar central en la pol\u00edtica p\u00fablica. \u201cM\u00e9xico necesita industria y comercio, pero todo desarrollo debe tener ra\u00edces firmes en la fortaleza del campo. <\/p>\n\n\n\n<p>La riqueza de una naci\u00f3n est\u00e1 en su tierra\u201d, expres\u00f3.En este encuentro, S\u00e1nchez Garc\u00eda destac\u00f3 que el municipio de Tlaxcala a\u00fan cuenta con tierras de labor y familias que dependen directamente de actividades como la siembra, la ganader\u00eda y las empresas agropecuarias menores. \u201cTenemos poco tiempo \u2014apenas tres a\u00f1os de gobierno\u2014 pero una gran oportunidad para hacer la diferencia en el campo de la capital\u201d, subray\u00f3.<\/p>\n\n\n\n<p>El Consejo sesion\u00f3 con el objetivo de construir acciones concretas para el corto plazo. En este sentido, se present\u00f3 informaci\u00f3n sobre los esquemas de financiamiento del Fideicomiso de Riesgo Compartido (FIRCO), dirigidos a minimizar riesgos de inversi\u00f3n para productores y emprendedores rurales. Asimismo, se revisaron los mecanismos para implementar en el municipio el programa federal \u201cCosechando Soberan\u00eda\u201d, que busca apoyar a peque\u00f1os y medianos productores e impulsar el abasto nacional de alimentos b\u00e1sicos.<\/p>\n\n\n\n<p>Otro de los temas centrales fue el an\u00e1lisis de buenas pr\u00e1cticas agr\u00edcolas que permitan establecer cadenas de desarrollo agropecuario sustentables, cuidando el agua, la tierra y los ecosistemas. \u201cNo podemos pensar en beneficios de corto plazo si no aseguramos la sustentabilidad de nuestros recursos naturales\u201d, puntualiz\u00f3 el alcalde.<\/p>\n\n\n\n<p>Finalmente, Alfonso S\u00e1nchez agradeci\u00f3 la presencia y participaci\u00f3n activa de los integrantes del Consejo, reconociendo su experiencia y compromiso con la tierra. \u201cSi logramos mejorar la productividad y los ingresos de nuestras comunidades rurales, daremos un gran paso hacia una capital m\u00e1s fuerte, con justicia social y futuro para el campo\u201d, concluy\u00f3.<\/p>\n\n\n\n<p>Este tipo de acciones consolidan el compromiso del Ayuntamiento de Tlaxcala con una visi\u00f3n de gobierno cercana a la gente, responsable y con sentido social, donde el trabajo conjunto con productores y ciudadanos sea la v\u00eda para alcanzar un desarrollo m\u00e1s justo y sostenible.<\/p>\n","protected":false},"excerpt":{"rendered":"<p>Esta sesi\u00f3n tuvo como objetivo definir estrategias concretas que fortalezcan las actividades agropecuarias y garanticen el desarrollo rural con justicia social El presidente municipal de Tlaxcala, Alfonso S\u00e1nchez Garc\u00eda, encabez\u00f3 la segunda sesi\u00f3n del Consejo Municipal de Desarrollo Rural Sustentable, realizada en la comunidad de San Lucas Cuauhtelulpan, donde se abordaron temas trascendentales para respaldar [&hellip;]<\/p>\n","protected":false},"author":4,"featured_media":95828,"comment_status":"open","ping_status":"open","sticky":false,"template":"","format":"standard","meta":{"om_disable_all_campaigns":false,"_monsterinsights_skip_tracking":false,"_monsterinsights_sitenote_active":false,"_monsterinsights_sitenote_note":"","_monsterinsights_sitenote_category":0,"jnews-multi-image_gallery":[],"jnews_single_post":{"format":"standard"},"jnews_primary_category":[],"footnotes":""},"categories":[1],"tags":[],"class_list":["post-95827","post","type-post","status-publish","format-standard","has-post-thumbnail","hentry","category-uncategorized"],"aioseo_notices":[],"_links":{"self":[{"href":"https:\/\/estado29.mx\/index.php?rest_route=\/wp\/v2\/posts\/95827","targetHints":{"allow":["GET"]}}],"collection":[{"href":"https:\/\/estado29.mx\/index.php?rest_route=\/wp\/v2\/posts"}],"about":[{"href":"https:\/\/estado29.mx\/index.php?rest_route=\/wp\/v2\/types\/post"}],"author":[{"embeddable":true,"href":"https:\/\/estado29.mx\/index.php?rest_route=\/wp\/v2\/users\/4"}],"replies":[{"embeddable":true,"href":"https:\/\/estado29.mx\/index.php?rest_route=%2Fwp%2Fv2%2Fcomments&post=95827"}],"version-history":[{"count":1,"href":"https:\/\/estado29.mx\/index.php?rest_route=\/wp\/v2\/posts\/95827\/revisions"}],"predecessor-version":[{"id":95833,"href":"https:\/\/estado29.mx\/index.php?rest_route=\/wp\/v2\/posts\/95827\/revisions\/95833"}],"wp:featuredmedia":[{"embeddable":true,"href":"https:\/\/estado29.mx\/index.php?rest_route=\/wp\/v2\/media\/95828"}],"wp:attachment":[{"href":"https:\/\/estado29.mx\/index.php?rest_route=%2Fwp%2Fv2%2Fmedia&parent=95827"}],"wp:term":[{"taxonomy":"category","embeddable":true,"href":"https:\/\/estado29.mx\/index.php?rest_route=%2Fwp%2Fv2%2Fcategories&post=95827"},{"taxonomy":"post_tag","embeddable":true,"href":"https:\/\/estado29.mx\/index.php?rest_route=%2Fwp%2Fv2%2Ftags&post=95827"}],"curies":[{"name":"wp","href":"https:\/\/api.w.org\/{rel}","templated":true}]}}