{"id":95848,"date":"2025-05-28T04:58:24","date_gmt":"2025-05-28T04:58:24","guid":{"rendered":"https:\/\/estado29.mx\/?p=95848"},"modified":"2025-06-13T19:33:51","modified_gmt":"2025-06-13T19:33:51","slug":"invita-gobierno-de-huamantla-a-la-expo-fiesta-2025-que-ofrecera-productos-locales-para-cualquier-celebracion","status":"publish","type":"post","link":"https:\/\/estado29.mx\/?p=95848","title":{"rendered":"INVITA GOBIERNO DE HUAMANTLA A LA \u201cEXPO FIESTA 2025\u201d QUE OFRECER\u00c1 PRODUCTOS LOCALES PARA CUALQUIER CELEBRACI\u00d3N"},"content":{"rendered":"<figure class=\"wp-block-post-featured-image\"><img loading=\"lazy\" decoding=\"async\" width=\"1023\" height=\"1280\" src=\"https:\/\/estado29.mx\/wp-content\/uploads\/2025\/05\/WhatsApp-Image-2025-05-27-at-10.41.37-AM.jpeg\" class=\"attachment-post-thumbnail size-post-thumbnail wp-post-image\" alt=\"\" style=\"object-fit:cover;\" srcset=\"https:\/\/estado29.mx\/wp-content\/uploads\/2025\/05\/WhatsApp-Image-2025-05-27-at-10.41.37-AM.jpeg 1023w, https:\/\/estado29.mx\/wp-content\/uploads\/2025\/05\/WhatsApp-Image-2025-05-27-at-10.41.37-AM-240x300.jpeg 240w, https:\/\/estado29.mx\/wp-content\/uploads\/2025\/05\/WhatsApp-Image-2025-05-27-at-10.41.37-AM-818x1024.jpeg 818w, https:\/\/estado29.mx\/wp-content\/uploads\/2025\/05\/WhatsApp-Image-2025-05-27-at-10.41.37-AM-768x961.jpeg 768w, https:\/\/estado29.mx\/wp-content\/uploads\/2025\/05\/WhatsApp-Image-2025-05-27-at-10.41.37-AM-750x938.jpeg 750w\" sizes=\"auto, (max-width: 1023px) 100vw, 1023px\" \/><\/figure>\n\n\n<p><em>Los expositores interesados en participar tienen hasta el pr\u00f3ximo viernes 30 de mayo para registrarse<\/em><em><\/em><\/p>\n\n\n\n<p>El Gobierno Municipal de Huamantla, a trav\u00e9s de la Direcci\u00f3n de Bienestar y la Coordinaci\u00f3n de Juventud, invita a la poblaci\u00f3n en general a asistir a la \u201cExpo Fiesta 2025\u201d, un evento dise\u00f1ado especialmente para quienes planean una celebraci\u00f3n social o desean conocer opciones locales de productos y servicios de calidad.<\/p>\n\n\n\n<p>La Expo busca fortalecer el consumo local y se llevar\u00e1 a cabo el pr\u00f3ximo s\u00e1bado 8 de junio, en un horario de 10:00 a 18:00 horas, en el auditorio de la Ex Cancha 13, donde se reunir\u00e1n emprendedores huamantlecos que ofrecen lo mejor en decoraci\u00f3n, reposter\u00eda, fotograf\u00eda, animaci\u00f3n, banquetes, renta de mobiliario, entre otros productos.<\/p>\n\n\n\n<p>Quienes deseen participar como expositores, deber\u00e1n ser originarios de Huamantla y podr\u00e1n inscribirse directamente en las oficinas de la Coordinaci\u00f3n de Juventud, ubicadas en el Bulevar Cuamanco, en la Oficina El Punto, en un horario de 8:00 a 16:00 horas con fecha l\u00edmite hasta el pr\u00f3ximo viernes 30 de mayo.<\/p>\n\n\n\n<p>Este evento busca ser una plataforma accesible y gratuita, tanto para expositores como para asistentes, con el objetivo de fomentar el consumo local, generar conexiones entre proveedores y clientes, as\u00ed como apoyar el crecimiento econ\u00f3mico del municipio.<\/p>\n\n\n\n<p>Durante este evento, las y los asistentes podr\u00e1n recorrer los distintos stands, interactuar directamente con los emprendedores y conocer nuevas propuestas creativas para hacer de sus fiestas momentos inolvidables.<\/p>\n","protected":false},"excerpt":{"rendered":"<p>Los expositores interesados en participar tienen hasta el pr\u00f3ximo viernes 30 de mayo para registrarse El Gobierno Municipal de Huamantla, a trav\u00e9s de la Direcci\u00f3n de Bienestar y la Coordinaci\u00f3n de Juventud, invita a la poblaci\u00f3n en general a asistir a la \u201cExpo Fiesta 2025\u201d, un evento dise\u00f1ado especialmente para quienes planean una celebraci\u00f3n social [&hellip;]<\/p>\n","protected":false},"author":9,"featured_media":95849,"comment_status":"open","ping_status":"open","sticky":false,"template":"","format":"standard","meta":{"om_disable_all_campaigns":false,"_monsterinsights_skip_tracking":false,"_monsterinsights_sitenote_active":false,"_monsterinsights_sitenote_note":"","_monsterinsights_sitenote_category":0,"jnews-multi-image_gallery":[],"jnews_single_post":{"format":"standard"},"jnews_primary_category":[],"footnotes":""},"categories":[1],"tags":[],"class_list":["post-95848","post","type-post","status-publish","format-standard","has-post-thumbnail","hentry","category-uncategorized"],"aioseo_notices":[],"_links":{"self":[{"href":"https:\/\/estado29.mx\/index.php?rest_route=\/wp\/v2\/posts\/95848","targetHints":{"allow":["GET"]}}],"collection":[{"href":"https:\/\/estado29.mx\/index.php?rest_route=\/wp\/v2\/posts"}],"about":[{"href":"https:\/\/estado29.mx\/index.php?rest_route=\/wp\/v2\/types\/post"}],"author":[{"embeddable":true,"href":"https:\/\/estado29.mx\/index.php?rest_route=\/wp\/v2\/users\/9"}],"replies":[{"embeddable":true,"href":"https:\/\/estado29.mx\/index.php?rest_route=%2Fwp%2Fv2%2Fcomments&post=95848"}],"version-history":[{"count":1,"href":"https:\/\/estado29.mx\/index.php?rest_route=\/wp\/v2\/posts\/95848\/revisions"}],"predecessor-version":[{"id":95850,"href":"https:\/\/estado29.mx\/index.php?rest_route=\/wp\/v2\/posts\/95848\/revisions\/95850"}],"wp:featuredmedia":[{"embeddable":true,"href":"https:\/\/estado29.mx\/index.php?rest_route=\/wp\/v2\/media\/95849"}],"wp:attachment":[{"href":"https:\/\/estado29.mx\/index.php?rest_route=%2Fwp%2Fv2%2Fmedia&parent=95848"}],"wp:term":[{"taxonomy":"category","embeddable":true,"href":"https:\/\/estado29.mx\/index.php?rest_route=%2Fwp%2Fv2%2Fcategories&post=95848"},{"taxonomy":"post_tag","embeddable":true,"href":"https:\/\/estado29.mx\/index.php?rest_route=%2Fwp%2Fv2%2Ftags&post=95848"}],"curies":[{"name":"wp","href":"https:\/\/api.w.org\/{rel}","templated":true}]}}