{"id":95860,"date":"2025-05-28T06:02:58","date_gmt":"2025-05-28T06:02:58","guid":{"rendered":"https:\/\/estado29.mx\/?p=95860"},"modified":"2025-06-13T19:33:25","modified_gmt":"2025-06-13T19:33:25","slug":"vuelca-tractocamion-sobre-la-carretera-huamantla-benito-juarez","status":"publish","type":"post","link":"https:\/\/estado29.mx\/?p=95860","title":{"rendered":"Vuelca tractocami\u00f3n sobre la carretera Huamantla &#8211; Benito Ju\u00e1rez."},"content":{"rendered":"\n<p>Paco Ugarte.<\/p>\n\n\n\n<p>La noche de este martes 27 de mayo, el conductor de un tractocami\u00f3n volc\u00f3 su unidad cuando circulaba sobre la carretera Benito Ju\u00e1rez &#8211; Huamantla, cerca de las v\u00edas del ferrocarril de la comunidad en menci\u00f3n.<\/p>\n\n\n\n<p>Aunque se desconoce la cronolog\u00eda de los hechos, la pesada unidad qued\u00f3 recostada sobre una de las laterales de la carretera.<\/p>\n\n\n\n<p>Afortunadamente solo se registraron da\u00f1os materiales, sin embargo, fue necesario el apoyo de una gr\u00faa para realizar las maniobras y retirar la unidad.<\/p>\n\n\n\n<p>La zona fue abanderada por elementos de seguridad quienes exhortaron a los automovilistas a transitar con precauci\u00f3n derivado de la lluvia.<\/p>\n","protected":false},"excerpt":{"rendered":"<p>Paco Ugarte. La noche de este martes 27 de mayo, el conductor de un tractocami\u00f3n volc\u00f3 su unidad cuando circulaba sobre la carretera Benito Ju\u00e1rez &#8211; Huamantla, cerca de las v\u00edas del ferrocarril de la comunidad en menci\u00f3n. Aunque se desconoce la cronolog\u00eda de los hechos, la pesada unidad qued\u00f3 recostada sobre una de las [&hellip;]<\/p>\n","protected":false},"author":5,"featured_media":95861,"comment_status":"open","ping_status":"open","sticky":false,"template":"","format":"standard","meta":{"om_disable_all_campaigns":false,"_monsterinsights_skip_tracking":false,"_monsterinsights_sitenote_active":false,"_monsterinsights_sitenote_note":"","_monsterinsights_sitenote_category":0,"jnews-multi-image_gallery":[],"jnews_single_post":{"format":"standard"},"jnews_primary_category":[],"footnotes":""},"categories":[1],"tags":[],"class_list":["post-95860","post","type-post","status-publish","format-standard","has-post-thumbnail","hentry","category-uncategorized"],"aioseo_notices":[],"_links":{"self":[{"href":"https:\/\/estado29.mx\/index.php?rest_route=\/wp\/v2\/posts\/95860","targetHints":{"allow":["GET"]}}],"collection":[{"href":"https:\/\/estado29.mx\/index.php?rest_route=\/wp\/v2\/posts"}],"about":[{"href":"https:\/\/estado29.mx\/index.php?rest_route=\/wp\/v2\/types\/post"}],"author":[{"embeddable":true,"href":"https:\/\/estado29.mx\/index.php?rest_route=\/wp\/v2\/users\/5"}],"replies":[{"embeddable":true,"href":"https:\/\/estado29.mx\/index.php?rest_route=%2Fwp%2Fv2%2Fcomments&post=95860"}],"version-history":[{"count":1,"href":"https:\/\/estado29.mx\/index.php?rest_route=\/wp\/v2\/posts\/95860\/revisions"}],"predecessor-version":[{"id":95862,"href":"https:\/\/estado29.mx\/index.php?rest_route=\/wp\/v2\/posts\/95860\/revisions\/95862"}],"wp:featuredmedia":[{"embeddable":true,"href":"https:\/\/estado29.mx\/index.php?rest_route=\/wp\/v2\/media\/95861"}],"wp:attachment":[{"href":"https:\/\/estado29.mx\/index.php?rest_route=%2Fwp%2Fv2%2Fmedia&parent=95860"}],"wp:term":[{"taxonomy":"category","embeddable":true,"href":"https:\/\/estado29.mx\/index.php?rest_route=%2Fwp%2Fv2%2Fcategories&post=95860"},{"taxonomy":"post_tag","embeddable":true,"href":"https:\/\/estado29.mx\/index.php?rest_route=%2Fwp%2Fv2%2Ftags&post=95860"}],"curies":[{"name":"wp","href":"https:\/\/api.w.org\/{rel}","templated":true}]}}