{"id":95866,"date":"2025-05-28T13:32:22","date_gmt":"2025-05-28T13:32:22","guid":{"rendered":"https:\/\/estado29.mx\/?p=95866"},"modified":"2025-06-13T19:41:13","modified_gmt":"2025-06-13T19:41:13","slug":"obtiene-leonardo-de-jesus-dos-bronces-en-el-grand-prix-mundial-de-para-atletismo-2025-nottwil-suiza","status":"publish","type":"post","link":"https:\/\/estado29.mx\/?p=95866","title":{"rendered":"Obtiene Leonardo de Jes\u00fas dos bronces en el grand prix mundial de para atletismo 2025 nottwil, Suiza"},"content":{"rendered":"\n<p>\u2022Los tlaxcaltecas Leonardo de Jes\u00fas P\u00e9rez Ju\u00e1rez y Fernando S\u00e1nchez Nava tuvieron una buena participaci\u00f3n en tierras europeas<\/p>\n\n\n\n<p>El tlaxcalteca Leonardo de Jes\u00fas P\u00e9rez Ju\u00e1rez se colg\u00f3 dos medallas de bronce en el Grand Prix Mundial de Para Atletismo 2025 de Nottwil, Suiza, donde tambi\u00e9n tuvo participaci\u00f3n el para atleta Fernando S\u00e1nchez Nava.<\/p>\n\n\n\n<p>Fue en las pruebas de los 400 metros T52, en donde P\u00e9rez Ju\u00e1rez subi\u00f3 al podium, con un tiempo de 00:59:26.<\/p>\n\n\n\n<p>Obtuvo el primer lugar el belga Maxime Carabine, con 00:54:62, y lo sigui\u00f3 el japon\u00e9s Tomoki Sato, con un tiempo de 00:55:71; en la prueba de los 1500 T52, P\u00e9rez Ju\u00e1rez repiti\u00f3 la dosis y se coloc\u00f3 en tercer puesto.<\/p>\n\n\n\n<p>En tanto, el tlaxcalteca Fernando S\u00e1nchez Nava obtuvo una satisfactoria participaci\u00f3n en la prueba de los 1500 metros TT54, en donde cronometr\u00f3 un tiempo de 03:14:49, y en los 5000 metros, donde obtuvo un tiempo de 11:02:34.<\/p>\n\n\n\n<p>Con estos resultados, los tlaxcaltecas, que representan a la entidad y a M\u00e9xico en la justa mundial, refrendaron su compromiso de plasmar lo mejor de su esfuerzo en la pista.<\/p>\n\n\n\n<p>Al respecto, el entrenador nacional, Mart\u00edn D\u00edaz, expres\u00f3 que \u201cestos resultados nos van a permitir estar en el evento m\u00e1s importante del a\u00f1o, que es el Campeonato Mundial de Atletismo que se llevar\u00e1 a cabo en la India, en el mes de octubre\u201d.<\/p>\n\n\n\n<p>\u201cPara nosotros, es importante mejorar las marcas personales, que es lo que estamos haciendo, para colocarnos en el ranking y acceder a esta justa mundial\u201d, dijo.<\/p>\n\n\n\n<p>Por otra parte, explic\u00f3 que, para acceder al Campeonato Mundial de Atletismo, que se llevar\u00e1 a cabo en el pa\u00eds asi\u00e1tico, \u201cacabamos de pasar la primera competencia; nos faltan dos m\u00e1s, que ser\u00e1n mi\u00e9rcoles y jueves, as\u00ed como s\u00e1bado y domingo\u201d.<\/p>\n\n\n\n<p>Entonces, \u201cestamos en esta din\u00e1mica, paso a paso, para competir bien y lograr los objetivos\u201d, abund\u00f3.<\/p>\n\n\n\n<p>Ambos deportistas, as\u00ed como el entrenador nacional, seguir\u00e1n en tierras europeas participando en diferentes competencias que les servir\u00e1 de preparaci\u00f3n para subir su nivel competitivo de cara al ciclo paral\u00edmpico Los Angeles 2028.<\/p>\n","protected":false},"excerpt":{"rendered":"<p>\u2022Los tlaxcaltecas Leonardo de Jes\u00fas P\u00e9rez Ju\u00e1rez y Fernando S\u00e1nchez Nava tuvieron una buena participaci\u00f3n en tierras europeas El tlaxcalteca Leonardo de Jes\u00fas P\u00e9rez Ju\u00e1rez se colg\u00f3 dos medallas de bronce en el Grand Prix Mundial de Para Atletismo 2025 de Nottwil, Suiza, donde tambi\u00e9n tuvo participaci\u00f3n el para atleta Fernando S\u00e1nchez Nava. Fue en [&hellip;]<\/p>\n","protected":false},"author":4,"featured_media":95867,"comment_status":"open","ping_status":"open","sticky":false,"template":"","format":"standard","meta":{"om_disable_all_campaigns":false,"_monsterinsights_skip_tracking":false,"_monsterinsights_sitenote_active":false,"_monsterinsights_sitenote_note":"","_monsterinsights_sitenote_category":0,"jnews-multi-image_gallery":[],"jnews_single_post":{"format":"standard"},"jnews_primary_category":[],"footnotes":""},"categories":[1],"tags":[],"class_list":["post-95866","post","type-post","status-publish","format-standard","has-post-thumbnail","hentry","category-uncategorized"],"aioseo_notices":[],"_links":{"self":[{"href":"https:\/\/estado29.mx\/index.php?rest_route=\/wp\/v2\/posts\/95866","targetHints":{"allow":["GET"]}}],"collection":[{"href":"https:\/\/estado29.mx\/index.php?rest_route=\/wp\/v2\/posts"}],"about":[{"href":"https:\/\/estado29.mx\/index.php?rest_route=\/wp\/v2\/types\/post"}],"author":[{"embeddable":true,"href":"https:\/\/estado29.mx\/index.php?rest_route=\/wp\/v2\/users\/4"}],"replies":[{"embeddable":true,"href":"https:\/\/estado29.mx\/index.php?rest_route=%2Fwp%2Fv2%2Fcomments&post=95866"}],"version-history":[{"count":1,"href":"https:\/\/estado29.mx\/index.php?rest_route=\/wp\/v2\/posts\/95866\/revisions"}],"predecessor-version":[{"id":95868,"href":"https:\/\/estado29.mx\/index.php?rest_route=\/wp\/v2\/posts\/95866\/revisions\/95868"}],"wp:featuredmedia":[{"embeddable":true,"href":"https:\/\/estado29.mx\/index.php?rest_route=\/wp\/v2\/media\/95867"}],"wp:attachment":[{"href":"https:\/\/estado29.mx\/index.php?rest_route=%2Fwp%2Fv2%2Fmedia&parent=95866"}],"wp:term":[{"taxonomy":"category","embeddable":true,"href":"https:\/\/estado29.mx\/index.php?rest_route=%2Fwp%2Fv2%2Fcategories&post=95866"},{"taxonomy":"post_tag","embeddable":true,"href":"https:\/\/estado29.mx\/index.php?rest_route=%2Fwp%2Fv2%2Ftags&post=95866"}],"curies":[{"name":"wp","href":"https:\/\/api.w.org\/{rel}","templated":true}]}}