{"id":95869,"date":"2025-05-28T13:38:14","date_gmt":"2025-05-28T13:38:14","guid":{"rendered":"https:\/\/estado29.mx\/?p=95869"},"modified":"2025-06-13T19:41:08","modified_gmt":"2025-06-13T19:41:08","slug":"presentan-programa-de-actividades-de-tlaxcala-diversa-2025","status":"publish","type":"post","link":"https:\/\/estado29.mx\/?p=95869","title":{"rendered":"Presentan programa de actividades de \u201cTlaxcala diversa 2025\u201d"},"content":{"rendered":"\n<p><\/p>\n\n\n\n<p>\u2022Una Semana Cultural que impulsa espacios de inclusi\u00f3n y respeto a trav\u00e9s de actividades art\u00edsticas<\/p>\n\n\n\n<p>Con el lema #NoM\u00e1sDiscursosDeOdio, la Secretar\u00eda de Cultura de Tlaxcala (SC), a trav\u00e9s de la Oficina de Atenci\u00f3n a la Diversidad Sexual, en colaboraci\u00f3n con diversos colectivos, present\u00f3 el programa \u201cTlaxcala Diversa 2025\u201d y su extensi\u00f3n \u201cTlaxcala Diversa M\u00e1s Cerca de Ti\u201d, que llevar\u00e1 actividades culturales, art\u00edsticas y de reflexi\u00f3n a municipios como Huamantla y Chiautempan, adem\u00e1s de la capital.<\/p>\n\n\n\n<p>Del 26 de mayo al 7 de junio, el estado ser\u00e1 sede de una gran jornada de inclusi\u00f3n, arte y orgullo, con m\u00e1s de 20 actividades gratuitas y de acceso libre para el todo p\u00fablico, entre las que destacan talleres, conciertos, exposiciones, c\u00edrculos de reflexi\u00f3n, cine, teatro y la entrega de las Preseas LGBTIQ+ Tlaxcala 2025.<\/p>\n\n\n\n<p>En la presentaci\u00f3n de este cartel, la secretaria de Cultura, Karen Villeda, mencion\u00f3 que \u201cla cultura tiene el poder de transformar realidades y sanar heridas\u201d, por lo que indic\u00f3 que \u201cen Tlaxcala Diversa 2025 reconocemos que el arte es una herramienta para abrir conversaciones, tender puentes y construir comunidad desde la empat\u00eda\u201d.<\/p>\n\n\n\n<p>\u201cEste programa no solo honra la riqueza de nuestras diversidades, tambi\u00e9n reafirma el compromiso institucional de crear espacios seguros, incluyentes y profundamente humanos. Queremos un Tlaxcala donde cada persona pueda vivir con orgullo su identidad y su historia\u201d, expuso.<\/p>\n\n\n\n<p>El programa principal incluye eventos en la capital, como el taller de canto \u201cVoces Unidas\u201d por Frida Vargas, la obra de teatro \u201cA odiar se aprende\u201d, el concierto homenaje \u201cTe sigo amando Juan Gabriel\u201d, c\u00edrculos de reflexi\u00f3n sobre poes\u00eda, memoria y resistencias trans, y la Coronaci\u00f3n de la Reina y el Rey de la Marcha LGBTIQ+.<\/p>\n\n\n\n<p>Por su parte, la responsable de la Oficina de Diversidad Sexual, Adil Aranzuvia Ju\u00e1rez Angulo, destac\u00f3 que llegar a la cuarta edici\u00f3n de Tlaxcala Diversa es un logro colectivo: \u201cEste programa ha crecido, se ha descentralizado, ha sumado voces, y hoy es una plataforma viva donde la diversidad se reconoce, se honra y se celebra\u201d.<\/p>\n\n\n\n<p>\u201cEsta cuarta edici\u00f3n reafirma nuestro compromiso de seguir generando espacios seguros, creativos y transformadores, donde las juventudes LGBTIQ+, encuentren representaci\u00f3n, orgullo y fuerza colectiva. Tlaxcala Diversa es ya parte del calendario cultural del estado, pero, sobre todo, es parte de nuestra historia viva\u201d, afirm\u00f3.<\/p>\n\n\n\n<p>En Huamantla, se realizar\u00e1 la Semana de la Diversidad e Inclusi\u00f3n 2025, con actividades como la exposici\u00f3n \u201cArte y G\u00e9nero\u201d, la intervenci\u00f3n pl\u00e1stica \u201cArte que abraza\u201d, y charlas sobre salud y prevenci\u00f3n en la diversidad, mientras que en Chiautempan la programaci\u00f3n incluye el concierto PRIDE DAY, una muestra de cine con perspectiva diversa y la lectura literaria.<\/p>\n\n\n\n<p>Para m\u00e1s informaci\u00f3n sobre horarios, sedes y actividades, se invita al p\u00fablico a consultar la programaci\u00f3n completa a trav\u00e9s de las redes sociales oficiales de la Secretar\u00eda de Cultura de Tlaxcala.<\/p>\n","protected":false},"excerpt":{"rendered":"<p>\u2022Una Semana Cultural que impulsa espacios de inclusi\u00f3n y respeto a trav\u00e9s de actividades art\u00edsticas Con el lema #NoM\u00e1sDiscursosDeOdio, la Secretar\u00eda de Cultura de Tlaxcala (SC), a trav\u00e9s de la Oficina de Atenci\u00f3n a la Diversidad Sexual, en colaboraci\u00f3n con diversos colectivos, present\u00f3 el programa \u201cTlaxcala Diversa 2025\u201d y su extensi\u00f3n \u201cTlaxcala Diversa M\u00e1s Cerca [&hellip;]<\/p>\n","protected":false},"author":4,"featured_media":95870,"comment_status":"open","ping_status":"open","sticky":false,"template":"","format":"standard","meta":{"om_disable_all_campaigns":false,"_monsterinsights_skip_tracking":false,"_monsterinsights_sitenote_active":false,"_monsterinsights_sitenote_note":"","_monsterinsights_sitenote_category":0,"jnews-multi-image_gallery":[],"jnews_single_post":{"format":"standard"},"jnews_primary_category":[],"footnotes":""},"categories":[1],"tags":[],"class_list":["post-95869","post","type-post","status-publish","format-standard","has-post-thumbnail","hentry","category-uncategorized"],"aioseo_notices":[],"_links":{"self":[{"href":"https:\/\/estado29.mx\/index.php?rest_route=\/wp\/v2\/posts\/95869","targetHints":{"allow":["GET"]}}],"collection":[{"href":"https:\/\/estado29.mx\/index.php?rest_route=\/wp\/v2\/posts"}],"about":[{"href":"https:\/\/estado29.mx\/index.php?rest_route=\/wp\/v2\/types\/post"}],"author":[{"embeddable":true,"href":"https:\/\/estado29.mx\/index.php?rest_route=\/wp\/v2\/users\/4"}],"replies":[{"embeddable":true,"href":"https:\/\/estado29.mx\/index.php?rest_route=%2Fwp%2Fv2%2Fcomments&post=95869"}],"version-history":[{"count":1,"href":"https:\/\/estado29.mx\/index.php?rest_route=\/wp\/v2\/posts\/95869\/revisions"}],"predecessor-version":[{"id":95871,"href":"https:\/\/estado29.mx\/index.php?rest_route=\/wp\/v2\/posts\/95869\/revisions\/95871"}],"wp:featuredmedia":[{"embeddable":true,"href":"https:\/\/estado29.mx\/index.php?rest_route=\/wp\/v2\/media\/95870"}],"wp:attachment":[{"href":"https:\/\/estado29.mx\/index.php?rest_route=%2Fwp%2Fv2%2Fmedia&parent=95869"}],"wp:term":[{"taxonomy":"category","embeddable":true,"href":"https:\/\/estado29.mx\/index.php?rest_route=%2Fwp%2Fv2%2Fcategories&post=95869"},{"taxonomy":"post_tag","embeddable":true,"href":"https:\/\/estado29.mx\/index.php?rest_route=%2Fwp%2Fv2%2Ftags&post=95869"}],"curies":[{"name":"wp","href":"https:\/\/api.w.org\/{rel}","templated":true}]}}