{"id":95887,"date":"2025-05-28T11:47:49","date_gmt":"2025-05-28T11:47:49","guid":{"rendered":"https:\/\/estado29.mx\/?p=95887"},"modified":"2025-06-13T19:40:42","modified_gmt":"2025-06-13T19:40:42","slug":"choque-frontal-mortal-en-la-amozoc-perote-conductor-de-torton-muere-prensado","status":"publish","type":"post","link":"https:\/\/estado29.mx\/?p=95887","title":{"rendered":"Choque frontal mortal en la Amozoc-Perote: conductor de tort\u00f3n muere prensado"},"content":{"rendered":"\n<p>Un tr\u00e1gico accidente cobr\u00f3 la vida de un hombre la madrugada de este mi\u00e9rcoles en la autopista Amozoc-Perote, a la altura del kil\u00f3metro 48+500, en los l\u00edmites de los municipios de Atltzayanca y Cuapiaxtla.<\/p>\n\n\n\n<p>El percance se registr\u00f3 alrededor de las 03:30 horas, cuando un cami\u00f3n tipo tort\u00f3n y un tr\u00e1iler colisionaron de frente.<\/p>\n\n\n\n<p>Seg\u00fan los reportes preliminares, el tort\u00f3n, que transportaba pl\u00e1tanos, intent\u00f3 realizar un rebase invadiendo el carril contrario, impact\u00e1ndose brutalmente contra un tr\u00e1iler que arrastraba dos semirremolques. El golpe fue devastador, dejando la cabina del tort\u00f3n completamente destrozada.<\/p>\n\n\n\n<p>Elementos de la Guardia Nacional y param\u00e9dicos de la Cruz Roja Mexicana acudieron de inmediato al lugar.<\/p>\n\n\n\n<p>Lamentablemente, confirmaron que el conductor del tort\u00f3n, un hombre de entre 45 y 50 a\u00f1os, ya no presentaba signos vitales. Su cuerpo qued\u00f3 atrapado entre los fierros retorcidos de la unidad.<\/p>\n\n\n\n<p>Ante la complejidad de la situaci\u00f3n, fue necesario el apoyo del equipo de Rescate Urbano de la Cruz Roja, quienes utilizaron herramientas hidr\u00e1ulicas para liberar el cuerpo del fallecido.<\/p>\n\n\n\n<p>En tanto, la Guardia Nacional cerr\u00f3 la circulaci\u00f3n en ambos sentidos de la autopista para facilitar las labores de rescate y la investigaci\u00f3n.<\/p>\n\n\n\n<p>Posteriormente, personal del Instituto de Ciencias Forenses (INCIFO) de la Fiscal\u00eda General de Justicia del Estado realiz\u00f3 el levantamiento del cad\u00e1ver, que fue trasladado al anfiteatro para la necropsia de ley.<\/p>\n\n\n\n<p>El conductor permanece en calidad de desconocido y se ha abierto una carpeta de investigaci\u00f3n para deslindar responsabilidades.<\/p>\n\n\n\n<p>La vialidad fue restablecida parcialmente varias horas despu\u00e9s, una vez que los veh\u00edculos siniestrados fueron retirados por una empresa especializada.<\/p>\n","protected":false},"excerpt":{"rendered":"<p>Un tr\u00e1gico accidente cobr\u00f3 la vida de un hombre la madrugada de este mi\u00e9rcoles en la autopista Amozoc-Perote, a la altura del kil\u00f3metro 48+500, en los l\u00edmites de los municipios de Atltzayanca y Cuapiaxtla. El percance se registr\u00f3 alrededor de las 03:30 horas, cuando un cami\u00f3n tipo tort\u00f3n y un tr\u00e1iler colisionaron de frente. Seg\u00fan [&hellip;]<\/p>\n","protected":false},"author":5,"featured_media":95888,"comment_status":"open","ping_status":"open","sticky":false,"template":"","format":"standard","meta":{"om_disable_all_campaigns":false,"_monsterinsights_skip_tracking":false,"_monsterinsights_sitenote_active":false,"_monsterinsights_sitenote_note":"","_monsterinsights_sitenote_category":0,"jnews-multi-image_gallery":[],"jnews_single_post":{"format":"standard"},"jnews_primary_category":[],"footnotes":""},"categories":[1],"tags":[],"class_list":["post-95887","post","type-post","status-publish","format-standard","has-post-thumbnail","hentry","category-uncategorized"],"aioseo_notices":[],"_links":{"self":[{"href":"https:\/\/estado29.mx\/index.php?rest_route=\/wp\/v2\/posts\/95887","targetHints":{"allow":["GET"]}}],"collection":[{"href":"https:\/\/estado29.mx\/index.php?rest_route=\/wp\/v2\/posts"}],"about":[{"href":"https:\/\/estado29.mx\/index.php?rest_route=\/wp\/v2\/types\/post"}],"author":[{"embeddable":true,"href":"https:\/\/estado29.mx\/index.php?rest_route=\/wp\/v2\/users\/5"}],"replies":[{"embeddable":true,"href":"https:\/\/estado29.mx\/index.php?rest_route=%2Fwp%2Fv2%2Fcomments&post=95887"}],"version-history":[{"count":1,"href":"https:\/\/estado29.mx\/index.php?rest_route=\/wp\/v2\/posts\/95887\/revisions"}],"predecessor-version":[{"id":95889,"href":"https:\/\/estado29.mx\/index.php?rest_route=\/wp\/v2\/posts\/95887\/revisions\/95889"}],"wp:featuredmedia":[{"embeddable":true,"href":"https:\/\/estado29.mx\/index.php?rest_route=\/wp\/v2\/media\/95888"}],"wp:attachment":[{"href":"https:\/\/estado29.mx\/index.php?rest_route=%2Fwp%2Fv2%2Fmedia&parent=95887"}],"wp:term":[{"taxonomy":"category","embeddable":true,"href":"https:\/\/estado29.mx\/index.php?rest_route=%2Fwp%2Fv2%2Fcategories&post=95887"},{"taxonomy":"post_tag","embeddable":true,"href":"https:\/\/estado29.mx\/index.php?rest_route=%2Fwp%2Fv2%2Ftags&post=95887"}],"curies":[{"name":"wp","href":"https:\/\/api.w.org\/{rel}","templated":true}]}}