{"id":95896,"date":"2025-05-29T02:04:50","date_gmt":"2025-05-29T02:04:50","guid":{"rendered":"https:\/\/estado29.mx\/?p=95896"},"modified":"2025-06-13T19:40:24","modified_gmt":"2025-06-13T19:40:24","slug":"tragedia-en-la-amozoc-perote-un-mu3rt0-y-al-menos-tres-heridos-tras-choque-en-ziltlaltepec","status":"publish","type":"post","link":"https:\/\/estado29.mx\/?p=95896","title":{"rendered":"Tragedia en la Amozoc-Perote: un mu3rt0 y al menos tres heridos, tras choque en Ziltlalt\u00e9pec"},"content":{"rendered":"\n<p>Un fatal accidente automovil\u00edstico ocurrido este mi\u00e9rcoles por la tarde sobre la carretera Amozoc-Perote, a la altura del kil\u00f3metro 20, en inmediaciones de Ziltlaltepec cobr\u00f3 la vida de al menos una persona y dej\u00f3 m\u00ednimo tres heridos.<\/p>\n\n\n\n<p>Los hechos se reportaron a trav\u00e9s del 911 que alert\u00f3 a las autoridades sobre un percance vial entre dos unidades.<\/p>\n\n\n\n<p>El accidente fue una colisi\u00f3n frontal entre un veh\u00edculo Volkswagen Versa color azul y una camioneta color blanca.<\/p>\n\n\n\n<p>Testigos describieron que el Versa qued\u00f3 completamente destrozado y que el conductor de la camioneta perdi\u00f3 la vida.<\/p>\n\n\n\n<p>Elementos del Instituto de Ciencias Forenses (INCIFO) adscritos a la Fiscal\u00eda General de Justicia del Estado se encuentran en el lugar para el levantamiento del cad\u00e1ver.<\/p>\n\n\n\n<p>Param\u00e9dicos de Cruz Roja y servicios de emergencia de Ixtenco brindaron atenci\u00f3n prehospitalaria a los heridos, estabiliz\u00e1ndolos para su traslado a un centro hospitalario.<\/p>\n\n\n\n<p>En tanto, la Guardia Nacional acordon\u00f3 y abander\u00f3 la zona para facilitar las labores de rescate y las diligencias correspondientes.<\/p>\n\n\n\n<p>La Fiscal\u00eda General de Justicia del Estado ha iniciado la carpeta de investigaci\u00f3n para determinar las causas exactas del accidente, el cual se produjo posiblemente por una invasi\u00f3n de carril.<\/p>\n\n\n\n<p>Este es el segundo accidente mortal de este mi\u00e9rcoles en esta autopista en territorio tlaxcalteca. Por la madrugada, un choque entre pesadas unidades dej\u00f3 sin vida a un masculino en los l\u00edmites de Atltzayanca y Cuapiaxtla.<\/p>\n","protected":false},"excerpt":{"rendered":"<p>Un fatal accidente automovil\u00edstico ocurrido este mi\u00e9rcoles por la tarde sobre la carretera Amozoc-Perote, a la altura del kil\u00f3metro 20, en inmediaciones de Ziltlaltepec cobr\u00f3 la vida de al menos una persona y dej\u00f3 m\u00ednimo tres heridos. Los hechos se reportaron a trav\u00e9s del 911 que alert\u00f3 a las autoridades sobre un percance vial entre [&hellip;]<\/p>\n","protected":false},"author":5,"featured_media":95897,"comment_status":"open","ping_status":"open","sticky":false,"template":"","format":"standard","meta":{"om_disable_all_campaigns":false,"_monsterinsights_skip_tracking":false,"_monsterinsights_sitenote_active":false,"_monsterinsights_sitenote_note":"","_monsterinsights_sitenote_category":0,"jnews-multi-image_gallery":[],"jnews_single_post":{"format":"standard"},"jnews_primary_category":[],"footnotes":""},"categories":[1],"tags":[],"class_list":["post-95896","post","type-post","status-publish","format-standard","has-post-thumbnail","hentry","category-uncategorized"],"aioseo_notices":[],"_links":{"self":[{"href":"https:\/\/estado29.mx\/index.php?rest_route=\/wp\/v2\/posts\/95896","targetHints":{"allow":["GET"]}}],"collection":[{"href":"https:\/\/estado29.mx\/index.php?rest_route=\/wp\/v2\/posts"}],"about":[{"href":"https:\/\/estado29.mx\/index.php?rest_route=\/wp\/v2\/types\/post"}],"author":[{"embeddable":true,"href":"https:\/\/estado29.mx\/index.php?rest_route=\/wp\/v2\/users\/5"}],"replies":[{"embeddable":true,"href":"https:\/\/estado29.mx\/index.php?rest_route=%2Fwp%2Fv2%2Fcomments&post=95896"}],"version-history":[{"count":1,"href":"https:\/\/estado29.mx\/index.php?rest_route=\/wp\/v2\/posts\/95896\/revisions"}],"predecessor-version":[{"id":95898,"href":"https:\/\/estado29.mx\/index.php?rest_route=\/wp\/v2\/posts\/95896\/revisions\/95898"}],"wp:featuredmedia":[{"embeddable":true,"href":"https:\/\/estado29.mx\/index.php?rest_route=\/wp\/v2\/media\/95897"}],"wp:attachment":[{"href":"https:\/\/estado29.mx\/index.php?rest_route=%2Fwp%2Fv2%2Fmedia&parent=95896"}],"wp:term":[{"taxonomy":"category","embeddable":true,"href":"https:\/\/estado29.mx\/index.php?rest_route=%2Fwp%2Fv2%2Fcategories&post=95896"},{"taxonomy":"post_tag","embeddable":true,"href":"https:\/\/estado29.mx\/index.php?rest_route=%2Fwp%2Fv2%2Ftags&post=95896"}],"curies":[{"name":"wp","href":"https:\/\/api.w.org\/{rel}","templated":true}]}}