{"id":95899,"date":"2025-05-29T04:52:10","date_gmt":"2025-05-29T04:52:10","guid":{"rendered":"https:\/\/estado29.mx\/?p=95899"},"modified":"2025-06-13T19:40:20","modified_gmt":"2025-06-13T19:40:20","slug":"respaldo-total-al-deporte-en-tlaxcala-capital-presenta-el-presidente-alfonso-sanchez-el-torneo-street-soccer","status":"publish","type":"post","link":"https:\/\/estado29.mx\/?p=95899","title":{"rendered":"Respaldo total al deporte en Tlaxcala Capital, presenta el Presidente Alfonso S\u00e1nchez el Torneo Street Soccer"},"content":{"rendered":"<figure class=\"wp-block-post-featured-image\"><img loading=\"lazy\" decoding=\"async\" width=\"2560\" height=\"1706\" src=\"https:\/\/estado29.mx\/wp-content\/uploads\/2025\/05\/IMG-20250528-WA0078-scaled.jpg\" class=\"attachment-post-thumbnail size-post-thumbnail wp-post-image\" alt=\"\" style=\"object-fit:cover;\" srcset=\"https:\/\/estado29.mx\/wp-content\/uploads\/2025\/05\/IMG-20250528-WA0078-scaled.jpg 2560w, https:\/\/estado29.mx\/wp-content\/uploads\/2025\/05\/IMG-20250528-WA0078-300x200.jpg 300w, https:\/\/estado29.mx\/wp-content\/uploads\/2025\/05\/IMG-20250528-WA0078-1024x682.jpg 1024w, https:\/\/estado29.mx\/wp-content\/uploads\/2025\/05\/IMG-20250528-WA0078-768x512.jpg 768w, https:\/\/estado29.mx\/wp-content\/uploads\/2025\/05\/IMG-20250528-WA0078-1536x1024.jpg 1536w, https:\/\/estado29.mx\/wp-content\/uploads\/2025\/05\/IMG-20250528-WA0078-2048x1365.jpg 2048w, https:\/\/estado29.mx\/wp-content\/uploads\/2025\/05\/IMG-20250528-WA0078-750x500.jpg 750w, https:\/\/estado29.mx\/wp-content\/uploads\/2025\/05\/IMG-20250528-WA0078-1140x760.jpg 1140w\" sizes=\"auto, (max-width: 2560px) 100vw, 2560px\" \/><\/figure>\n\n\n<p>Con el respaldo total del presidente municipal Alfonso S\u00e1nchez Garc\u00eda, Tlaxcala capital se convirti\u00f3 en sede del torneo estatal Street Soccer &#8220;De la Calle a la Cancha&#8221;, un evento que busca impulsar el deporte como herramienta de transformaci\u00f3n social entre la juventud.<\/p>\n\n\n\n<p>Durante su participaci\u00f3n en la presentaci\u00f3n del torneo, el presidente Alfonso S\u00e1nchez destac\u00f3 el compromiso del Ayuntamiento de Tlaxcala con la organizaci\u00f3n y desarrollo de actividades que fomenten el deporte, la sana convivencia y el rescate del tejido social.<\/p>\n\n\n\n<figure class=\"wp-block-gallery has-nested-images columns-default is-cropped wp-block-gallery-1 is-layout-flex wp-block-gallery-is-layout-flex\">\n<figure class=\"wp-block-image size-large\"><img loading=\"lazy\" decoding=\"async\" width=\"1024\" height=\"682\" data-id=\"95901\" src=\"https:\/\/estado29.mx\/wp-content\/uploads\/2025\/05\/1000384137-1024x682.jpg\" alt=\"\" class=\"wp-image-95901\" srcset=\"https:\/\/estado29.mx\/wp-content\/uploads\/2025\/05\/1000384137-1024x682.jpg 1024w, https:\/\/estado29.mx\/wp-content\/uploads\/2025\/05\/1000384137-300x200.jpg 300w, https:\/\/estado29.mx\/wp-content\/uploads\/2025\/05\/1000384137-768x512.jpg 768w, https:\/\/estado29.mx\/wp-content\/uploads\/2025\/05\/1000384137-1536x1024.jpg 1536w, https:\/\/estado29.mx\/wp-content\/uploads\/2025\/05\/1000384137-2048x1365.jpg 2048w, https:\/\/estado29.mx\/wp-content\/uploads\/2025\/05\/1000384137-750x500.jpg 750w, https:\/\/estado29.mx\/wp-content\/uploads\/2025\/05\/1000384137-1140x760.jpg 1140w\" sizes=\"auto, (max-width: 1024px) 100vw, 1024px\" \/><\/figure>\n\n\n\n<figure class=\"wp-block-image size-large\"><img loading=\"lazy\" decoding=\"async\" width=\"1024\" height=\"683\" data-id=\"95902\" src=\"https:\/\/estado29.mx\/wp-content\/uploads\/2025\/05\/1000384136-1024x683.jpg\" alt=\"\" class=\"wp-image-95902\" srcset=\"https:\/\/estado29.mx\/wp-content\/uploads\/2025\/05\/1000384136-1024x683.jpg 1024w, https:\/\/estado29.mx\/wp-content\/uploads\/2025\/05\/1000384136-300x200.jpg 300w, https:\/\/estado29.mx\/wp-content\/uploads\/2025\/05\/1000384136-768x512.jpg 768w, https:\/\/estado29.mx\/wp-content\/uploads\/2025\/05\/1000384136-1536x1024.jpg 1536w, https:\/\/estado29.mx\/wp-content\/uploads\/2025\/05\/1000384136-2048x1365.jpg 2048w, https:\/\/estado29.mx\/wp-content\/uploads\/2025\/05\/1000384136-750x500.jpg 750w, https:\/\/estado29.mx\/wp-content\/uploads\/2025\/05\/1000384136-1140x760.jpg 1140w\" sizes=\"auto, (max-width: 1024px) 100vw, 1024px\" \/><\/figure>\n<\/figure>\n\n\n\n<p>\u201cCuentan con todo el apoyo del municipio para este evento, y si en el futuro se presenta la oportunidad de realizar otro de igual o mayor magnitud, pueden estar seguros de que contar\u00e1n con todo el respaldo de su servidor\u201d, subray\u00f3 el alcalde.S\u00e1nchez Garc\u00eda tambi\u00e9n enfatiz\u00f3 la importancia de generar espacios accesibles para que las y los j\u00f3venes puedan alejarse de pr\u00e1cticas nocivas y adoptar estilos de vida saludables a trav\u00e9s del deporte, se\u00f1alando que el futbol callejero, por su naturaleza, no requiere de grandes inversiones ni infraestructura especializada, lo que lo convierte en una disciplina ideal para fortalecer la inclusi\u00f3n y la participaci\u00f3n ciudadana.<\/p>\n\n\n\n<p>El torneo estatal, coordinado por el equipo nacional de Street Soccer, espera contar con la participaci\u00f3n de equipos y se desarrollar\u00e1 en la plaza principal de Tlaxcala con equipos de la categor\u00eda libre. En palabras de Heriberto Espejel, director operativo del programa, los d\u00edas s\u00e1bado y domingo se realiz\u00f3 el torneo oficial, en el que los j\u00f3venes no solo compitieron por trofeos y medallas, sino tambi\u00e9n por una oportunidad \u00fanica: ser parte de la selecci\u00f3n estatal que representar\u00e1 a Tlaxcala en el campeonato nacional, a celebrarse en septiembre en Playa del Carmen, Quintana Roo.Adem\u00e1s, el Director Nacional del programa, Lic. Daniel Copto, resalt\u00f3 el alcance internacional del torneo: \u201cGracias a este programa, j\u00f3venes tlaxcaltecas han sido parte de selecciones nacionales. <\/p>\n\n\n\n<p>Dos chicas de ediciones anteriores fueron seleccionadas para representar a M\u00e9xico en Oslo, Noruega, en el campeonato mundial donde participan m\u00e1s de 54 pa\u00edses. Hoy, M\u00e9xico es campe\u00f3n mundial tanto en la rama varonil como femenil\u201d, comparti\u00f3.<\/p>\n\n\n\n<p>El torneo se enmarca dentro de una estrategia m\u00e1s amplia para transformar la vida de j\u00f3venes en situaci\u00f3n de vulnerabilidad y mostrar que, con apoyo institucional y oportunidades, es posible construir un mejor futuro.Con eventos como este, la administraci\u00f3n de Alfonso S\u00e1nchez reitera su visi\u00f3n de un gobierno que pone a las personas en el centro de las decisiones, apoya al deporte, promueve la inclusi\u00f3n social y trabaja activamente por el bienestar integral de la juventud tlaxcalteca.<\/p>\n","protected":false},"excerpt":{"rendered":"<p>Con el respaldo total del presidente municipal Alfonso S\u00e1nchez Garc\u00eda, Tlaxcala capital se convirti\u00f3 en sede del torneo estatal Street Soccer &#8220;De la Calle a la Cancha&#8221;, un evento que busca impulsar el deporte como herramienta de transformaci\u00f3n social entre la juventud. Durante su participaci\u00f3n en la presentaci\u00f3n del torneo, el presidente Alfonso S\u00e1nchez destac\u00f3 [&hellip;]<\/p>\n","protected":false},"author":4,"featured_media":95900,"comment_status":"open","ping_status":"open","sticky":false,"template":"","format":"standard","meta":{"om_disable_all_campaigns":false,"_monsterinsights_skip_tracking":false,"_monsterinsights_sitenote_active":false,"_monsterinsights_sitenote_note":"","_monsterinsights_sitenote_category":0,"jnews-multi-image_gallery":[],"jnews_single_post":{"format":"standard"},"jnews_primary_category":[],"footnotes":""},"categories":[1],"tags":[],"class_list":["post-95899","post","type-post","status-publish","format-standard","has-post-thumbnail","hentry","category-uncategorized"],"aioseo_notices":[],"_links":{"self":[{"href":"https:\/\/estado29.mx\/index.php?rest_route=\/wp\/v2\/posts\/95899","targetHints":{"allow":["GET"]}}],"collection":[{"href":"https:\/\/estado29.mx\/index.php?rest_route=\/wp\/v2\/posts"}],"about":[{"href":"https:\/\/estado29.mx\/index.php?rest_route=\/wp\/v2\/types\/post"}],"author":[{"embeddable":true,"href":"https:\/\/estado29.mx\/index.php?rest_route=\/wp\/v2\/users\/4"}],"replies":[{"embeddable":true,"href":"https:\/\/estado29.mx\/index.php?rest_route=%2Fwp%2Fv2%2Fcomments&post=95899"}],"version-history":[{"count":1,"href":"https:\/\/estado29.mx\/index.php?rest_route=\/wp\/v2\/posts\/95899\/revisions"}],"predecessor-version":[{"id":95903,"href":"https:\/\/estado29.mx\/index.php?rest_route=\/wp\/v2\/posts\/95899\/revisions\/95903"}],"wp:featuredmedia":[{"embeddable":true,"href":"https:\/\/estado29.mx\/index.php?rest_route=\/wp\/v2\/media\/95900"}],"wp:attachment":[{"href":"https:\/\/estado29.mx\/index.php?rest_route=%2Fwp%2Fv2%2Fmedia&parent=95899"}],"wp:term":[{"taxonomy":"category","embeddable":true,"href":"https:\/\/estado29.mx\/index.php?rest_route=%2Fwp%2Fv2%2Fcategories&post=95899"},{"taxonomy":"post_tag","embeddable":true,"href":"https:\/\/estado29.mx\/index.php?rest_route=%2Fwp%2Fv2%2Ftags&post=95899"}],"curies":[{"name":"wp","href":"https:\/\/api.w.org\/{rel}","templated":true}]}}