{"id":95910,"date":"2025-05-29T13:22:13","date_gmt":"2025-05-29T13:22:13","guid":{"rendered":"https:\/\/estado29.mx\/?p=95910"},"modified":"2025-06-16T19:11:02","modified_gmt":"2025-06-16T19:11:02","slug":"sembrando-historia-llego-a-uptx","status":"publish","type":"post","link":"https:\/\/estado29.mx\/?p=95910","title":{"rendered":"Reconoce presidente Alfonso S\u00e1nchez invaluable labor de cronistas comunitarios"},"content":{"rendered":"<figure class=\"wp-block-post-featured-image\"><img loading=\"lazy\" decoding=\"async\" width=\"1600\" height=\"1066\" src=\"https:\/\/estado29.mx\/wp-content\/uploads\/2025\/05\/WhatsApp-Image-2025-05-30-at-4.46.40-PM.jpeg\" class=\"attachment-post-thumbnail size-post-thumbnail wp-post-image\" alt=\"\" style=\"object-fit:cover;\" srcset=\"https:\/\/estado29.mx\/wp-content\/uploads\/2025\/05\/WhatsApp-Image-2025-05-30-at-4.46.40-PM.jpeg 1600w, https:\/\/estado29.mx\/wp-content\/uploads\/2025\/05\/WhatsApp-Image-2025-05-30-at-4.46.40-PM-300x200.jpeg 300w, https:\/\/estado29.mx\/wp-content\/uploads\/2025\/05\/WhatsApp-Image-2025-05-30-at-4.46.40-PM-1024x682.jpeg 1024w, https:\/\/estado29.mx\/wp-content\/uploads\/2025\/05\/WhatsApp-Image-2025-05-30-at-4.46.40-PM-768x512.jpeg 768w, https:\/\/estado29.mx\/wp-content\/uploads\/2025\/05\/WhatsApp-Image-2025-05-30-at-4.46.40-PM-1536x1023.jpeg 1536w, https:\/\/estado29.mx\/wp-content\/uploads\/2025\/05\/WhatsApp-Image-2025-05-30-at-4.46.40-PM-750x500.jpeg 750w, https:\/\/estado29.mx\/wp-content\/uploads\/2025\/05\/WhatsApp-Image-2025-05-30-at-4.46.40-PM-1140x760.jpeg 1140w\" sizes=\"auto, (max-width: 1600px) 100vw, 1600px\" \/><\/figure>\n\n\n<p>En el marco del Aniversario 500 de la Fundaci\u00f3n de la Ciudad de Tlaxcala, el alcalde entreg\u00f3 reconocimientos a los cronistas de las comunidades de Tizatl\u00e1n, Tepehitec y Chimalpa, quienes \u201ccumplen la labor fundamental de rescatar la historia documental y la memoria viva de nuestros pueblos\u201d<\/p>\n\n\n\n<p>En el marco de las actividades conmemorativas por el 500 aniversario de la fundaci\u00f3n de la Ciudad de Tlaxcala, el presidente municipal, Alfonso S\u00e1nchez Garc\u00eda, encabez\u00f3 el panel \u201cCronistas comunitarios del Municipio de Tlaxcala\u201d, realizado en la Galer\u00eda Municipal Desiderio Hern\u00e1ndez Xochitiotzin, donde reconoci\u00f3 p\u00fablicamente la valiosa labor de los cronistas que, desde las comunidades, resguardan la memoria documental e hist\u00f3rica del municipio.<\/p>\n\n\n\n<p>Durante su intervenci\u00f3n, el alcalde subray\u00f3 la importancia de los cronistas como guardianes de la identidad y la historia local, destacando su papel como constructores de memoria colectiva y promotores del patrimonio cultural tlaxcalteca. \u201cDesde sus comunidades, nuestros cronistas son quienes mantienen viva la historia, quienes protegen los saberes ancestrales y la riqueza cultural de Tlaxcala\u201d, afirm\u00f3.<\/p>\n\n\n\n<p>El edil tambi\u00e9n destac\u00f3 que su administraci\u00f3n, en estrecha coordinaci\u00f3n con el Gobierno del Estado, ha emprendido importantes esfuerzos para posicionar el patrimonio hist\u00f3rico y cultural de Tlaxcala a nivel nacional e internacional. \u201cComo ejemplo, tenemos la inversi\u00f3n realizada por el Gobierno del Estado para embellecer espacios emblem\u00e1ticos como la Parroquia de San Jos\u00e9, el Ex Convento de San Francisco, el Centro Hist\u00f3rico, y pr\u00f3ximamente, la Bas\u00edlica de Ocotl\u00e1n. Nuestra gobernadora ha sido una gran aliada en este impulso, lo cual agradecemos profundamente\u201d, indic\u00f3.<\/p>\n\n\n\n<p>Asimismo, inform\u00f3 que desde el municipio se est\u00e1n promoviendo nuevas rutas tur\u00edsticas que pongan en valor el trabajo de las y los artesanos locales, fortaleciendo el atractivo tur\u00edstico de la ciudad, especialmente en el coraz\u00f3n del centro hist\u00f3rico.<\/p>\n\n\n\n<p>En cuanto a las actividades conmemorativas por el aniversario de la fundaci\u00f3n de la ciudad, el presidente S\u00e1nchez Garc\u00eda adelant\u00f3 que este a\u00f1o circular\u00e1n a nivel nacional cinco millones de monedas conmemorativas de $20 pesos. \u201cAdem\u00e1s, tendremos un billete de loter\u00eda conmemorativo y seremos sede del sorteo de la Loter\u00eda Nacional\u201d, detall\u00f3.<\/p>\n\n\n\n<p>Tambi\u00e9n anunci\u00f3 la entrega de facsimilares digitales de documentos hist\u00f3ricos in\u00e9ditos, entre ellos el C\u00f3dice y las Ordenanzas del Cabildo Ind\u00edgena de Tlaxcala.<\/p>\n\n\n\n<p>Por su parte, el Cronista Municipal, Orlando Cuatepotzo S\u00e1nchez, agradeci\u00f3 a nombre de los cronistas la distinci\u00f3n otorgada por el Ayuntamiento y enfatiz\u00f3 que \u201cla labor del cronista es ser guardi\u00e1n de la memoria colectiva, un historiador local encargado de recopilar, preservar y difundir la historia de nuestras comunidades, contribuyendo al fortalecimiento de la identidad y el sentido de pertenencia de sus habitantes\u201d.<\/p>\n\n\n\n<p>Durante el evento participaron tambi\u00e9n los cronistas de Chimalpa, Tepehitec y Tizatl\u00e1n, as\u00ed como autoridades municipales, representantes comunitarios e invitados especiales, quienes coincidieron en la relevancia de fortalecer y difundir el conocimiento hist\u00f3rico de las comunidades tlaxcaltecas.<\/p>\n\n\n\n<p>Reconoce presidente Alfonso S\u00e1nchez invaluable labor de cronistas comunitariosReconoce presidente Alfonso S\u00e1nchez invaluable labor de cronistas comunitarios<\/p>\n\n\n\n<p>En el marco del Aniversario 500 de la Fundaci\u00f3n de la Ciudad de Tlaxcala, el alcalde entreg\u00f3 reconocimientos a los cronistas de las comunidades de Tizatl\u00e1n, Tepehitec y Chimalpa, quienes \u201ccumplen la labor fundamental de rescatar la historia documental y la memoria viva de nuestros pueblos\u201d<\/p>\n\n\n\n<p>En el marco de las actividades conmemorativas por el 500 aniversario de la fundaci\u00f3n de la Ciudad de Tlaxcala, el presidente municipal, Alfonso S\u00e1nchez Garc\u00eda, encabez\u00f3 el panel \u201cCronistas comunitarios del Municipio de Tlaxcala\u201d, realizado en la Galer\u00eda Municipal Desiderio Hern\u00e1ndez Xochitiotzin, donde reconoci\u00f3 p\u00fablicamente la valiosa labor de los cronistas que, desde las comunidades, resguardan la memoria documental e hist\u00f3rica del municipio.<\/p>\n\n\n\n<p>Durante su intervenci\u00f3n, el alcalde subray\u00f3 la importancia de los cronistas como guardianes de la identidad y la historia local, destacando su papel como constructores de memoria colectiva y promotores del patrimonio cultural tlaxcalteca. \u201cDesde sus comunidades, nuestros cronistas son quienes mantienen viva la historia, quienes protegen los saberes ancestrales y la riqueza cultural de Tlaxcala\u201d, afirm\u00f3.<\/p>\n\n\n\n<p>El edil tambi\u00e9n destac\u00f3 que su administraci\u00f3n, en estrecha coordinaci\u00f3n con el Gobierno del Estado, ha emprendido importantes esfuerzos para posicionar el patrimonio hist\u00f3rico y cultural de Tlaxcala a nivel nacional e internacional. \u201cComo ejemplo, tenemos la inversi\u00f3n realizada por el Gobierno del Estado para embellecer espacios emblem\u00e1ticos como la Parroquia de San Jos\u00e9, el Ex Convento de San Francisco, el Centro Hist\u00f3rico, y pr\u00f3ximamente, la Bas\u00edlica de Ocotl\u00e1n. Nuestra gobernadora ha sido una gran aliada en este impulso, lo cual agradecemos profundamente\u201d, indic\u00f3.<\/p>\n\n\n\n<p>Asimismo, inform\u00f3 que desde el municipio se est\u00e1n promoviendo nuevas rutas tur\u00edsticas que pongan en valor el trabajo de las y los artesanos locales, fortaleciendo el atractivo tur\u00edstico de la ciudad, especialmente en el coraz\u00f3n del centro hist\u00f3rico.<\/p>\n\n\n\n<p>En cuanto a las actividades conmemorativas por el aniversario de la fundaci\u00f3n de la ciudad, el presidente S\u00e1nchez Garc\u00eda adelant\u00f3 que este a\u00f1o circular\u00e1n a nivel nacional cinco millones de monedas conmemorativas de $20 pesos. \u201cAdem\u00e1s, tendremos un billete de loter\u00eda conmemorativo y seremos sede del sorteo de la Loter\u00eda Nacional\u201d, detall\u00f3.<\/p>\n\n\n\n<p>Tambi\u00e9n anunci\u00f3 la entrega de facsimilares digitales de documentos hist\u00f3ricos in\u00e9ditos, entre ellos el C\u00f3dice y las Ordenanzas del Cabildo Ind\u00edgena de Tlaxcala.<\/p>\n\n\n\n<p>Por su parte, el Cronista Municipal, Orlando Cuatepotzo S\u00e1nchez, agradeci\u00f3 a nombre de los cronistas la distinci\u00f3n otorgada por el Ayuntamiento y enfatiz\u00f3 que \u201cla labor del cronista es ser guardi\u00e1n de la memoria colectiva, un historiador local encargado de recopilar, preservar y difundir la historia de nuestras comunidades, contribuyendo al fortalecimiento de la identidad y el sentido de pertenencia de sus habitantes\u201d.<\/p>\n\n\n\n<p>Durante el evento participaron tambi\u00e9n los cronistas de Chimalpa, Tepehitec y Tizatl\u00e1n, as\u00ed como autoridades municipales, representantes comunitarios e invitados especiales, quienes coincidieron en la relevancia de fortalecer y difundir el conocimiento hist\u00f3rico de las comunidades tlaxcaltecas.<\/p>\n","protected":false},"excerpt":{"rendered":"<p>En el marco del Aniversario 500 de la Fundaci\u00f3n de la Ciudad de Tlaxcala, el alcalde entreg\u00f3 reconocimientos a los cronistas de las comunidades de Tizatl\u00e1n, Tepehitec y Chimalpa, quienes \u201ccumplen la labor fundamental de rescatar la historia documental y la memoria viva de nuestros pueblos\u201d En el marco de las actividades conmemorativas por el [&hellip;]<\/p>\n","protected":false},"author":4,"featured_media":96529,"comment_status":"open","ping_status":"open","sticky":false,"template":"","format":"standard","meta":{"om_disable_all_campaigns":false,"_monsterinsights_skip_tracking":false,"_monsterinsights_sitenote_active":false,"_monsterinsights_sitenote_note":"","_monsterinsights_sitenote_category":0,"jnews-multi-image_gallery":[],"jnews_single_post":{"format":"standard"},"jnews_primary_category":[],"footnotes":""},"categories":[1],"tags":[],"class_list":["post-95910","post","type-post","status-publish","format-standard","has-post-thumbnail","hentry","category-uncategorized"],"aioseo_notices":[],"_links":{"self":[{"href":"https:\/\/estado29.mx\/index.php?rest_route=\/wp\/v2\/posts\/95910","targetHints":{"allow":["GET"]}}],"collection":[{"href":"https:\/\/estado29.mx\/index.php?rest_route=\/wp\/v2\/posts"}],"about":[{"href":"https:\/\/estado29.mx\/index.php?rest_route=\/wp\/v2\/types\/post"}],"author":[{"embeddable":true,"href":"https:\/\/estado29.mx\/index.php?rest_route=\/wp\/v2\/users\/4"}],"replies":[{"embeddable":true,"href":"https:\/\/estado29.mx\/index.php?rest_route=%2Fwp%2Fv2%2Fcomments&post=95910"}],"version-history":[{"count":2,"href":"https:\/\/estado29.mx\/index.php?rest_route=\/wp\/v2\/posts\/95910\/revisions"}],"predecessor-version":[{"id":96530,"href":"https:\/\/estado29.mx\/index.php?rest_route=\/wp\/v2\/posts\/95910\/revisions\/96530"}],"wp:featuredmedia":[{"embeddable":true,"href":"https:\/\/estado29.mx\/index.php?rest_route=\/wp\/v2\/media\/96529"}],"wp:attachment":[{"href":"https:\/\/estado29.mx\/index.php?rest_route=%2Fwp%2Fv2%2Fmedia&parent=95910"}],"wp:term":[{"taxonomy":"category","embeddable":true,"href":"https:\/\/estado29.mx\/index.php?rest_route=%2Fwp%2Fv2%2Fcategories&post=95910"},{"taxonomy":"post_tag","embeddable":true,"href":"https:\/\/estado29.mx\/index.php?rest_route=%2Fwp%2Fv2%2Ftags&post=95910"}],"curies":[{"name":"wp","href":"https:\/\/api.w.org\/{rel}","templated":true}]}}