{"id":95946,"date":"2025-05-29T11:48:37","date_gmt":"2025-05-29T11:48:37","guid":{"rendered":"https:\/\/estado29.mx\/?p=95946"},"modified":"2025-06-13T19:48:17","modified_gmt":"2025-06-13T19:48:17","slug":"celebra-uatx-el-dia-de-la-universidad","status":"publish","type":"post","link":"https:\/\/estado29.mx\/?p=95946","title":{"rendered":"Celebra UATx el D\u00eda de la Universidad"},"content":{"rendered":"<figure class=\"wp-block-post-featured-image\"><img loading=\"lazy\" decoding=\"async\" width=\"1280\" height=\"853\" src=\"https:\/\/estado29.mx\/wp-content\/uploads\/2025\/05\/WhatsApp-Image-2025-05-29-at-10.31.16-AM.jpeg\" class=\"attachment-post-thumbnail size-post-thumbnail wp-post-image\" alt=\"\" style=\"object-fit:cover;\" srcset=\"https:\/\/estado29.mx\/wp-content\/uploads\/2025\/05\/WhatsApp-Image-2025-05-29-at-10.31.16-AM.jpeg 1280w, https:\/\/estado29.mx\/wp-content\/uploads\/2025\/05\/WhatsApp-Image-2025-05-29-at-10.31.16-AM-300x200.jpeg 300w, https:\/\/estado29.mx\/wp-content\/uploads\/2025\/05\/WhatsApp-Image-2025-05-29-at-10.31.16-AM-1024x682.jpeg 1024w, https:\/\/estado29.mx\/wp-content\/uploads\/2025\/05\/WhatsApp-Image-2025-05-29-at-10.31.16-AM-768x512.jpeg 768w, https:\/\/estado29.mx\/wp-content\/uploads\/2025\/05\/WhatsApp-Image-2025-05-29-at-10.31.16-AM-750x500.jpeg 750w, https:\/\/estado29.mx\/wp-content\/uploads\/2025\/05\/WhatsApp-Image-2025-05-29-at-10.31.16-AM-1140x760.jpeg 1140w\" sizes=\"auto, (max-width: 1280px) 100vw, 1280px\" \/><\/figure>\n\n\n<p>Con el foro La Universidad en voz de los universitarios &#8220;Identidad, orgullo y grandeza Tlaxcalteca&#8221; para conmemorar su inscripci\u00f3n con letras doradas en el Muro de Honor del Congreso de Tlaxcala<\/p>\n\n\n\n<p>La comunidad universitaria conmemor\u00f3 el D\u00eda de la Universidad, al cumplirse el primer aniversario de la develaci\u00f3n de las letras doradas en el Muro de Honor de la Sala de Sesiones del Palacio Ju\u00e1rez del Poder Legislativo con la leyenda &#8220;Universidad Aut\u00f3noma de Tlaxcala&#8221;, marco en el que se realiz\u00f3 el Foro universitario La Universidad en voz de los universitarios &#8220;Identidad, orgullo y grandeza Tlaxcalteca&#8221;, que organiz\u00f3 la academia de Derecho Administrativo y Fiscal de la Facultad de Derecho, Ciencias Pol\u00edticas y Criminolog\u00eda de la m\u00e1xima Casa de Estudios de la entidad.<\/p>\n\n\n\n<p>En este evento, que se efectu\u00f3 en el Patio Vitral del Congreso Local y que reuni\u00f3 a la estructura directiva, estudiantes y docentes de la Universidad Aut\u00f3noma de Tlaxcala (UATx), el Maestro Alejando Palma Su\u00e1rez, Secretario Acad\u00e9mico, en representaci\u00f3n del Doctor Seraf\u00edn Ortiz Ortiz, Rector de la UATx, afirm\u00f3 que esta celebraci\u00f3n simboliza la excelencia pero, sobre todo, es un reconocimiento a la comunidad universitaria por contribuir a la transformaci\u00f3n de Tlaxcala en una sociedad m\u00e1s equilibrada, equitativa y m\u00e1s justa.<\/p>\n\n\n\n<p>Asegur\u00f3 que gracias a la autonom\u00eda de esta Casa de Estudios se han creado once campus en diferentes municipios, se cuenta con 46 programas de licenciatura, 37 maestr\u00edas, cuatro especialidades, 11 doctorados y se tienen 17 Casas de Autorrealizaci\u00f3n. Adem\u00e1s, desde hace dos d\u00e9cadas dise\u00f1\u00f3 su propio modelo educativo, el Modelo Humanista Integrador basado en Capacidades, el cual orienta la formaci\u00f3n acad\u00e9mica de sus estudiantes y est\u00e1 alineado a una visi\u00f3n integral del ser humano, el aprendizaje y el compromiso social.<\/p>\n\n\n\n<p>Por su parte, la Diputada Reina Flor B\u00e1ez Lozano, Presidenta de la Mesa Directiva del Congreso del Estado de Tlaxcala, sostuvo que esta Casa de Estudios es un pilar fundamental para la formaci\u00f3n de generaciones de profesionales, investigadores, docentes y ciudadanos, porque ha sabido adaptarse a los retos del presente, sin perder de vista su vocaci\u00f3n humanista y su responsabilidad social con la entidad. Recalc\u00f3 que inscribir su nombre en el Muro de Honor fue un acto de justicia, de reconocimiento y de memoria, por ello, honrar a la Aut\u00f3noma de Tlaxcala es tambi\u00e9n honrar a quienes la construyen d\u00eda a d\u00eda.<\/p>\n\n\n\n<p>A su vez, la Diputada Soraya Noem\u00ed Bocardo Phillips, Presidenta de la Comisi\u00f3n de Turismo e integrante de la Academia de Derecho Fiscal y Administrativo de esta alma mater, subray\u00f3 que la UATx es un referente en la formaci\u00f3n de profesionales \u00edntegros y conscientes de su papel en la sociedad. En este sentido, subray\u00f3 que desde el Poder Legislativo se reconoce el valor estrat\u00e9gico que tiene la UATx para el fortalecimiento de la vida democr\u00e1tica, la equidad social, y la construcci\u00f3n de un pa\u00eds m\u00e1s justo e inclusivo.<\/p>\n\n\n\n<p>En su oportunidad, el Maestro Dante Morales Cruz, Director de la Facultad de Derecho, Ciencias Pol\u00edticas y Criminolog\u00eda, resalt\u00f3 que este foro es producto de la formaci\u00f3n acad\u00e9mica denominada Actividad Integradora, a trav\u00e9s de la cual se reafirma el v\u00ednculo y la alianza que tiene esta Casa de Estudios con la sociedad, a la cual le brinda una formaci\u00f3n superior y contribuye desde diferentes disciplinas del saber al engrandecimiento del desarrollo cient\u00edfico y tecnol\u00f3gico del estado.<\/p>\n\n\n\n<p>En este foro, estudiantes de diferentes semestres de la Licenciatura de Derecho presentaron 14 temas relevantes tales como: Homo Universitatis, Investigaci\u00f3n Cient\u00edfica y Posgrado, Protocolo de actuaci\u00f3n para la atenci\u00f3n a la violencia por raz\u00f3n de g\u00e9nero, Cl\u00ednica del Bienestar Universitario, Oferta acad\u00e9mica, Marco Constitucional y legal de la educaci\u00f3n universitaria, Servicios universitarios y Fundaci\u00f3n Universitaria, entre otros, mediante los cuales se fortalece la vinculaci\u00f3n de esta Casa de Estudios con la sociedad tlaxcalteca<\/p>\n","protected":false},"excerpt":{"rendered":"<p>Con el foro La Universidad en voz de los universitarios &#8220;Identidad, orgullo y grandeza Tlaxcalteca&#8221; para conmemorar su inscripci\u00f3n con letras doradas en el Muro de Honor del Congreso de Tlaxcala La comunidad universitaria conmemor\u00f3 el D\u00eda de la Universidad, al cumplirse el primer aniversario de la develaci\u00f3n de las letras doradas en el Muro [&hellip;]<\/p>\n","protected":false},"author":9,"featured_media":95947,"comment_status":"open","ping_status":"open","sticky":false,"template":"","format":"standard","meta":{"om_disable_all_campaigns":false,"_monsterinsights_skip_tracking":false,"_monsterinsights_sitenote_active":false,"_monsterinsights_sitenote_note":"","_monsterinsights_sitenote_category":0,"jnews-multi-image_gallery":[],"jnews_single_post":{"format":"standard"},"jnews_primary_category":[],"footnotes":""},"categories":[1],"tags":[],"class_list":["post-95946","post","type-post","status-publish","format-standard","has-post-thumbnail","hentry","category-uncategorized"],"aioseo_notices":[],"_links":{"self":[{"href":"https:\/\/estado29.mx\/index.php?rest_route=\/wp\/v2\/posts\/95946","targetHints":{"allow":["GET"]}}],"collection":[{"href":"https:\/\/estado29.mx\/index.php?rest_route=\/wp\/v2\/posts"}],"about":[{"href":"https:\/\/estado29.mx\/index.php?rest_route=\/wp\/v2\/types\/post"}],"author":[{"embeddable":true,"href":"https:\/\/estado29.mx\/index.php?rest_route=\/wp\/v2\/users\/9"}],"replies":[{"embeddable":true,"href":"https:\/\/estado29.mx\/index.php?rest_route=%2Fwp%2Fv2%2Fcomments&post=95946"}],"version-history":[{"count":1,"href":"https:\/\/estado29.mx\/index.php?rest_route=\/wp\/v2\/posts\/95946\/revisions"}],"predecessor-version":[{"id":95948,"href":"https:\/\/estado29.mx\/index.php?rest_route=\/wp\/v2\/posts\/95946\/revisions\/95948"}],"wp:featuredmedia":[{"embeddable":true,"href":"https:\/\/estado29.mx\/index.php?rest_route=\/wp\/v2\/media\/95947"}],"wp:attachment":[{"href":"https:\/\/estado29.mx\/index.php?rest_route=%2Fwp%2Fv2%2Fmedia&parent=95946"}],"wp:term":[{"taxonomy":"category","embeddable":true,"href":"https:\/\/estado29.mx\/index.php?rest_route=%2Fwp%2Fv2%2Fcategories&post=95946"},{"taxonomy":"post_tag","embeddable":true,"href":"https:\/\/estado29.mx\/index.php?rest_route=%2Fwp%2Fv2%2Ftags&post=95946"}],"curies":[{"name":"wp","href":"https:\/\/api.w.org\/{rel}","templated":true}]}}