{"id":95949,"date":"2025-05-29T11:50:48","date_gmt":"2025-05-29T11:50:48","guid":{"rendered":"https:\/\/estado29.mx\/?p=95949"},"modified":"2025-06-13T19:48:12","modified_gmt":"2025-06-13T19:48:12","slug":"gobierno-de-huamantla-y-la-secretaria-de-cultura-concretan-alianza-para-rescatar-espacios-con-valor-cultural","status":"publish","type":"post","link":"https:\/\/estado29.mx\/?p=95949","title":{"rendered":"GOBIERNO DE HUAMANTLA Y LA SECRETAR\u00cdA DE CULTURA CONCRETAN ALIANZA PARA RESCATAR ESPACIOS CON VALOR CULTURAL"},"content":{"rendered":"<figure class=\"wp-block-post-featured-image\"><img loading=\"lazy\" decoding=\"async\" width=\"1280\" height=\"853\" src=\"https:\/\/estado29.mx\/wp-content\/uploads\/2025\/05\/WhatsApp-Image-2025-05-29-at-10.31.47-AM.jpeg\" class=\"attachment-post-thumbnail size-post-thumbnail wp-post-image\" alt=\"\" style=\"object-fit:cover;\" srcset=\"https:\/\/estado29.mx\/wp-content\/uploads\/2025\/05\/WhatsApp-Image-2025-05-29-at-10.31.47-AM.jpeg 1280w, https:\/\/estado29.mx\/wp-content\/uploads\/2025\/05\/WhatsApp-Image-2025-05-29-at-10.31.47-AM-300x200.jpeg 300w, https:\/\/estado29.mx\/wp-content\/uploads\/2025\/05\/WhatsApp-Image-2025-05-29-at-10.31.47-AM-1024x682.jpeg 1024w, https:\/\/estado29.mx\/wp-content\/uploads\/2025\/05\/WhatsApp-Image-2025-05-29-at-10.31.47-AM-768x512.jpeg 768w, https:\/\/estado29.mx\/wp-content\/uploads\/2025\/05\/WhatsApp-Image-2025-05-29-at-10.31.47-AM-750x500.jpeg 750w, https:\/\/estado29.mx\/wp-content\/uploads\/2025\/05\/WhatsApp-Image-2025-05-29-at-10.31.47-AM-1140x760.jpeg 1140w\" sizes=\"auto, (max-width: 1280px) 100vw, 1280px\" \/><\/figure>\n\n\n<p><em>El Presidente Salvador Santos Cedillo y la Secretaria Karen \u00c1lvarez formalizaron el contrato de comodato de la antigua estaci\u00f3n del tren<\/em><\/p>\n\n\n\n<p>De cara al fortalecimiento y desarrollo cultural y tur\u00edstico de Huamantla, el Presidente Municipal Salvador Santos Cedillo firm\u00f3 un convenio de colaboraci\u00f3n con la Secretar\u00eda de Cultura del Estado, encabezada por Karen \u00c1lvarez Villeda, con el cual se emprender\u00e1n proyectos conjuntos que promuevan el rescate del patrimonio y fomenten la participaci\u00f3n comunitaria en espacios con vocaci\u00f3n cultural.<\/p>\n\n\n\n<p>Como parte de este acuerdo, se formaliz\u00f3 la firma de un contrato de comodato de la antigua estaci\u00f3n del tren ubicada en la colonia Emiliano Zapata, un sitio que ser\u00e1 transformado en un espacio vivo de recreaci\u00f3n, memoria e identidad, con actividades l\u00fadicas y culturales destinadas a ni\u00f1as, ni\u00f1os y j\u00f3venes del municipio.<\/p>\n\n\n\n<p>Como antecedente a la consolidaci\u00f3n de este convenio, en enero pasado ambas autoridades llevaron a cabo una gira de trabajo, cuando visitaron inmuebles de alto valor hist\u00f3rico que buscan ser revitalizados con proyectos que acerquen la cultura a las nuevas generaciones.<\/p>\n\n\n\n<p>Dicho convenio de colaboraci\u00f3n permitir\u00e1 detonar actividades culturales itinerantes, talleres art\u00edsticos, exposiciones y recorridos educativos, como una forma de fortalecer la identidad local y abrir oportunidades para el talento huamantleco. Como enlace de este trabajo de coordinaci\u00f3n fungir\u00e1 el Director de Turismo, Cultura y Desarrollo Taurino, Marco Antonio Galindo Vallejo.<\/p>\n\n\n\n<p>El Gobierno Municipal de Huamantla construye as\u00ed alianzas que aportan a la transformaci\u00f3n social a trav\u00e9s de la cultura, mediante esta labor interinstitucional, que busca proyectar a este Pueblo M\u00e1gico como un verdadero referente del arte, tradici\u00f3n e identidad en el estado de Tlaxcala.<\/p>\n","protected":false},"excerpt":{"rendered":"<p>El Presidente Salvador Santos Cedillo y la Secretaria Karen \u00c1lvarez formalizaron el contrato de comodato de la antigua estaci\u00f3n del tren De cara al fortalecimiento y desarrollo cultural y tur\u00edstico de Huamantla, el Presidente Municipal Salvador Santos Cedillo firm\u00f3 un convenio de colaboraci\u00f3n con la Secretar\u00eda de Cultura del Estado, encabezada por Karen \u00c1lvarez Villeda, [&hellip;]<\/p>\n","protected":false},"author":9,"featured_media":95950,"comment_status":"open","ping_status":"open","sticky":false,"template":"","format":"standard","meta":{"om_disable_all_campaigns":false,"_monsterinsights_skip_tracking":false,"_monsterinsights_sitenote_active":false,"_monsterinsights_sitenote_note":"","_monsterinsights_sitenote_category":0,"jnews-multi-image_gallery":[],"jnews_single_post":{"format":"standard"},"jnews_primary_category":[],"footnotes":""},"categories":[1],"tags":[],"class_list":["post-95949","post","type-post","status-publish","format-standard","has-post-thumbnail","hentry","category-uncategorized"],"aioseo_notices":[],"_links":{"self":[{"href":"https:\/\/estado29.mx\/index.php?rest_route=\/wp\/v2\/posts\/95949","targetHints":{"allow":["GET"]}}],"collection":[{"href":"https:\/\/estado29.mx\/index.php?rest_route=\/wp\/v2\/posts"}],"about":[{"href":"https:\/\/estado29.mx\/index.php?rest_route=\/wp\/v2\/types\/post"}],"author":[{"embeddable":true,"href":"https:\/\/estado29.mx\/index.php?rest_route=\/wp\/v2\/users\/9"}],"replies":[{"embeddable":true,"href":"https:\/\/estado29.mx\/index.php?rest_route=%2Fwp%2Fv2%2Fcomments&post=95949"}],"version-history":[{"count":1,"href":"https:\/\/estado29.mx\/index.php?rest_route=\/wp\/v2\/posts\/95949\/revisions"}],"predecessor-version":[{"id":95951,"href":"https:\/\/estado29.mx\/index.php?rest_route=\/wp\/v2\/posts\/95949\/revisions\/95951"}],"wp:featuredmedia":[{"embeddable":true,"href":"https:\/\/estado29.mx\/index.php?rest_route=\/wp\/v2\/media\/95950"}],"wp:attachment":[{"href":"https:\/\/estado29.mx\/index.php?rest_route=%2Fwp%2Fv2%2Fmedia&parent=95949"}],"wp:term":[{"taxonomy":"category","embeddable":true,"href":"https:\/\/estado29.mx\/index.php?rest_route=%2Fwp%2Fv2%2Fcategories&post=95949"},{"taxonomy":"post_tag","embeddable":true,"href":"https:\/\/estado29.mx\/index.php?rest_route=%2Fwp%2Fv2%2Ftags&post=95949"}],"curies":[{"name":"wp","href":"https:\/\/api.w.org\/{rel}","templated":true}]}}