{"id":95964,"date":"2025-05-30T11:48:11","date_gmt":"2025-05-30T11:48:11","guid":{"rendered":"https:\/\/estado29.mx\/?p=95964"},"modified":"2025-06-13T19:47:44","modified_gmt":"2025-06-13T19:47:44","slug":"se-llevara-a-cabo-segunda-marcha-del-orgullo-lgbtttiq-2025-y-ceremonia-de-coronacion","status":"publish","type":"post","link":"https:\/\/estado29.mx\/?p=95964","title":{"rendered":"Se llevar\u00e1 a cabo Segunda Marcha del Orgullo LGBTTTIQ+ 2025 y Ceremonia de Coronaci\u00f3n"},"content":{"rendered":"<figure class=\"wp-block-post-featured-image\"><img loading=\"lazy\" decoding=\"async\" width=\"2048\" height=\"2560\" src=\"https:\/\/estado29.mx\/wp-content\/uploads\/2025\/05\/WhatsApp-Image-2025-05-29-at-7.37.20-PM-scaled.jpeg\" class=\"attachment-post-thumbnail size-post-thumbnail wp-post-image\" alt=\"\" style=\"object-fit:cover;\" srcset=\"https:\/\/estado29.mx\/wp-content\/uploads\/2025\/05\/WhatsApp-Image-2025-05-29-at-7.37.20-PM-scaled.jpeg 2048w, https:\/\/estado29.mx\/wp-content\/uploads\/2025\/05\/WhatsApp-Image-2025-05-29-at-7.37.20-PM-240x300.jpeg 240w, https:\/\/estado29.mx\/wp-content\/uploads\/2025\/05\/WhatsApp-Image-2025-05-29-at-7.37.20-PM-819x1024.jpeg 819w, https:\/\/estado29.mx\/wp-content\/uploads\/2025\/05\/WhatsApp-Image-2025-05-29-at-7.37.20-PM-768x960.jpeg 768w, https:\/\/estado29.mx\/wp-content\/uploads\/2025\/05\/WhatsApp-Image-2025-05-29-at-7.37.20-PM-1229x1536.jpeg 1229w, https:\/\/estado29.mx\/wp-content\/uploads\/2025\/05\/WhatsApp-Image-2025-05-29-at-7.37.20-PM-1638x2048.jpeg 1638w, https:\/\/estado29.mx\/wp-content\/uploads\/2025\/05\/WhatsApp-Image-2025-05-29-at-7.37.20-PM-750x938.jpeg 750w, https:\/\/estado29.mx\/wp-content\/uploads\/2025\/05\/WhatsApp-Image-2025-05-29-at-7.37.20-PM-1140x1425.jpeg 1140w\" sizes=\"auto, (max-width: 2048px) 100vw, 2048px\" \/><\/figure>\n\n\n<p>El Comit\u00e9 Orgullo X Huamantla invita cordialmente a la comunidad y visitantes a participar en las actividades conmemorativas del Orgullo LGBTTTIQ+ 2025, como parte de estas actividades se llevar\u00e1 a cabo la ceremonia de coronaci\u00f3n e imposici\u00f3n de bandas en el auditorio de la Ex Cancha 13 a partir de las 20:00 hrs.<\/p>\n\n\n\n<p>Ademas se llevar\u00e1 a cabo la Segunda Marcha del Orgullo LGBTTTIQ+ el s\u00e1bado 31 de Mayo a la 13:00 hrs. en calle Hidalgo esquina con calle 20 de noviembre.<\/p>\n\n\n\n<p>La marcha se realiza bajo el lema <em>\u201cDerribando muros, celebrando la libertad de ser\u201d<\/em>, promoviendo la inclusi\u00f3n, la participaci\u00f3n y el respeto hacia la diversidad sexual y de g\u00e9nero.<\/p>\n","protected":false},"excerpt":{"rendered":"<p>El Comit\u00e9 Orgullo X Huamantla invita cordialmente a la comunidad y visitantes a participar en las actividades conmemorativas del Orgullo LGBTTTIQ+ 2025, como parte de estas actividades se llevar\u00e1 a cabo la ceremonia de coronaci\u00f3n e imposici\u00f3n de bandas en el auditorio de la Ex Cancha 13 a partir de las 20:00 hrs. Ademas se [&hellip;]<\/p>\n","protected":false},"author":9,"featured_media":95965,"comment_status":"open","ping_status":"open","sticky":false,"template":"","format":"standard","meta":{"om_disable_all_campaigns":false,"_monsterinsights_skip_tracking":false,"_monsterinsights_sitenote_active":false,"_monsterinsights_sitenote_note":"","_monsterinsights_sitenote_category":0,"jnews-multi-image_gallery":[],"jnews_single_post":{"format":"standard"},"jnews_primary_category":[],"footnotes":""},"categories":[1],"tags":[],"class_list":["post-95964","post","type-post","status-publish","format-standard","has-post-thumbnail","hentry","category-uncategorized"],"aioseo_notices":[],"_links":{"self":[{"href":"https:\/\/estado29.mx\/index.php?rest_route=\/wp\/v2\/posts\/95964","targetHints":{"allow":["GET"]}}],"collection":[{"href":"https:\/\/estado29.mx\/index.php?rest_route=\/wp\/v2\/posts"}],"about":[{"href":"https:\/\/estado29.mx\/index.php?rest_route=\/wp\/v2\/types\/post"}],"author":[{"embeddable":true,"href":"https:\/\/estado29.mx\/index.php?rest_route=\/wp\/v2\/users\/9"}],"replies":[{"embeddable":true,"href":"https:\/\/estado29.mx\/index.php?rest_route=%2Fwp%2Fv2%2Fcomments&post=95964"}],"version-history":[{"count":1,"href":"https:\/\/estado29.mx\/index.php?rest_route=\/wp\/v2\/posts\/95964\/revisions"}],"predecessor-version":[{"id":95966,"href":"https:\/\/estado29.mx\/index.php?rest_route=\/wp\/v2\/posts\/95964\/revisions\/95966"}],"wp:featuredmedia":[{"embeddable":true,"href":"https:\/\/estado29.mx\/index.php?rest_route=\/wp\/v2\/media\/95965"}],"wp:attachment":[{"href":"https:\/\/estado29.mx\/index.php?rest_route=%2Fwp%2Fv2%2Fmedia&parent=95964"}],"wp:term":[{"taxonomy":"category","embeddable":true,"href":"https:\/\/estado29.mx\/index.php?rest_route=%2Fwp%2Fv2%2Fcategories&post=95964"},{"taxonomy":"post_tag","embeddable":true,"href":"https:\/\/estado29.mx\/index.php?rest_route=%2Fwp%2Fv2%2Ftags&post=95964"}],"curies":[{"name":"wp","href":"https:\/\/api.w.org\/{rel}","templated":true}]}}