{"id":95976,"date":"2025-06-17T03:17:56","date_gmt":"2025-06-17T03:17:56","guid":{"rendered":"https:\/\/estado29.mx\/?p=95976"},"modified":"2025-06-17T03:17:56","modified_gmt":"2025-06-17T03:17:56","slug":"brindo-c5i-acompanamiento-en-festejo-del-dia-del-chofer","status":"publish","type":"post","link":"https:\/\/estado29.mx\/?p=95976","title":{"rendered":"Brind\u00f3 C5I acompa\u00f1amiento en festejo del d\u00eda del chofer"},"content":{"rendered":"\n<p><\/p>\n\n\n\n<p>*En coordinaci\u00f3n con la Secretar\u00eda de Seguridad Ciudadana y corporaciones municipales tambi\u00e9n se dio abanderamiento<\/p>\n\n\n\n<p>Con motivo del D\u00eda del Chofer, el Centro de Control, Comando, Comunicaciones, C\u00f3mputo e Inteligencia (C5i) brind\u00f3 acompa\u00f1amiento al gremio transportista con el seguimiento de los recorridos realizados como parte de su celebraci\u00f3n.&nbsp;<\/p>\n\n\n\n<p>Esta acci\u00f3n forma parte de un operativo especial en el que participa de manera coordinada la Secretar\u00eda de Seguridad Ciudadana (SSC), as\u00ed como distintas corporaciones municipales, con el objetivo de brindar protecci\u00f3n y respaldo en cada etapa del trayecto de los conductores.<\/p>\n\n\n\n<p>El dispositivo de seguridad incluye abanderamiento y acompa\u00f1amiento operativo, lo que permite una respuesta inmediata ante cualquier eventualidad y fortalece la tranquilidad de los choferes y la ciudadan\u00eda en general.<\/p>\n\n\n\n<p>Con estas acciones, el Gobierno del Estado refrenda su compromiso con la seguridad, dando seguimiento puntual a sus recorridos mediante el sistema estatal de videovigilancia y reconociendo la labor esencial de los choferes en la movilidad y el desarrollo econ\u00f3mico de Tlaxcala.<\/p>\n","protected":false},"excerpt":{"rendered":"<p>*En coordinaci\u00f3n con la Secretar\u00eda de Seguridad Ciudadana y corporaciones municipales tambi\u00e9n se dio abanderamiento Con motivo del D\u00eda del Chofer, el Centro de Control, Comando, Comunicaciones, C\u00f3mputo e Inteligencia (C5i) brind\u00f3 acompa\u00f1amiento al gremio transportista con el seguimiento de los recorridos realizados como parte de su celebraci\u00f3n.&nbsp; Esta acci\u00f3n forma parte de un operativo [&hellip;]<\/p>\n","protected":false},"author":4,"featured_media":95977,"comment_status":"open","ping_status":"open","sticky":false,"template":"","format":"standard","meta":{"om_disable_all_campaigns":false,"_monsterinsights_skip_tracking":false,"_monsterinsights_sitenote_active":false,"_monsterinsights_sitenote_note":"","_monsterinsights_sitenote_category":0,"jnews-multi-image_gallery":[],"jnews_single_post":{"format":"standard"},"jnews_primary_category":[],"footnotes":""},"categories":[1],"tags":[],"class_list":["post-95976","post","type-post","status-publish","format-standard","has-post-thumbnail","hentry","category-uncategorized"],"aioseo_notices":[],"_links":{"self":[{"href":"https:\/\/estado29.mx\/index.php?rest_route=\/wp\/v2\/posts\/95976","targetHints":{"allow":["GET"]}}],"collection":[{"href":"https:\/\/estado29.mx\/index.php?rest_route=\/wp\/v2\/posts"}],"about":[{"href":"https:\/\/estado29.mx\/index.php?rest_route=\/wp\/v2\/types\/post"}],"author":[{"embeddable":true,"href":"https:\/\/estado29.mx\/index.php?rest_route=\/wp\/v2\/users\/4"}],"replies":[{"embeddable":true,"href":"https:\/\/estado29.mx\/index.php?rest_route=%2Fwp%2Fv2%2Fcomments&post=95976"}],"version-history":[{"count":1,"href":"https:\/\/estado29.mx\/index.php?rest_route=\/wp\/v2\/posts\/95976\/revisions"}],"predecessor-version":[{"id":95978,"href":"https:\/\/estado29.mx\/index.php?rest_route=\/wp\/v2\/posts\/95976\/revisions\/95978"}],"wp:featuredmedia":[{"embeddable":true,"href":"https:\/\/estado29.mx\/index.php?rest_route=\/wp\/v2\/media\/95977"}],"wp:attachment":[{"href":"https:\/\/estado29.mx\/index.php?rest_route=%2Fwp%2Fv2%2Fmedia&parent=95976"}],"wp:term":[{"taxonomy":"category","embeddable":true,"href":"https:\/\/estado29.mx\/index.php?rest_route=%2Fwp%2Fv2%2Fcategories&post=95976"},{"taxonomy":"post_tag","embeddable":true,"href":"https:\/\/estado29.mx\/index.php?rest_route=%2Fwp%2Fv2%2Ftags&post=95976"}],"curies":[{"name":"wp","href":"https:\/\/api.w.org\/{rel}","templated":true}]}}