{"id":95979,"date":"2025-06-17T03:17:56","date_gmt":"2025-06-17T03:17:56","guid":{"rendered":"https:\/\/estado29.mx\/?p=95979"},"modified":"2025-06-17T03:17:56","modified_gmt":"2025-06-17T03:17:56","slug":"vive-terrenate-ixtenco-y-zitlaltepec-una-eleccion-del-poder-judicial-baja","status":"publish","type":"post","link":"https:\/\/estado29.mx\/?p=95979","title":{"rendered":"Vive Terrenate, Ixtenco y Zitlaltepec una elecci\u00f3n del Poder Judicial baja."},"content":{"rendered":"\n<p>Paco Ugarte.<\/p>\n\n\n\n<p>A pesar de que la elecci\u00f3n extraordinaria, para elegir a quienes ser\u00e1n nuestros representantes en el Poder Judicial, fue tendencia en redes sociales as\u00ed como en los hogares y pl\u00e1ticas de ciudadanos, la votaci\u00f3n fue todo lo contrario.<\/p>\n\n\n\n<p>En el caso de Terrenate, Ixtenco y Zitlaltepec, la participaci\u00f3n de la ciudadan\u00eda fue baja, de tal manera que en los municipios antes referidos no se logr\u00f3 la participaci\u00f3n ni del 15% del padr\u00f3n electoral.<\/p>\n\n\n\n<p>A pesar de ello, no se reportaron incidentes mayores durante esta jornada, por lo que se report\u00f3 saldo blanco.<\/p>\n\n\n\n<p>Entre los comentarios que emit\u00eda la ciudadan\u00eda por la abstenci\u00f3n del voto, fue el desconocimiento de que realiza el Poder Judicial, la falta de informaci\u00f3n de candidatas y candidatos, calificaron tambi\u00e9n una elecci\u00f3n decida por autoridades, falta de tiempo, entre otros.<\/p>\n\n\n\n<p>Por \u00faltimo en los municipios de Terrenate, Ixtenco y Zitlaltepec, la apertura de casillas fue retrasada por algunos minutos por temas menores mientras que el cierre fue totalmente limpio debido a la poca participaci\u00f3n.&nbsp;<\/p>\n","protected":false},"excerpt":{"rendered":"<p>Paco Ugarte. A pesar de que la elecci\u00f3n extraordinaria, para elegir a quienes ser\u00e1n nuestros representantes en el Poder Judicial, fue tendencia en redes sociales as\u00ed como en los hogares y pl\u00e1ticas de ciudadanos, la votaci\u00f3n fue todo lo contrario. En el caso de Terrenate, Ixtenco y Zitlaltepec, la participaci\u00f3n de la ciudadan\u00eda fue baja, [&hellip;]<\/p>\n","protected":false},"author":5,"featured_media":95980,"comment_status":"open","ping_status":"open","sticky":false,"template":"","format":"standard","meta":{"om_disable_all_campaigns":false,"_monsterinsights_skip_tracking":false,"_monsterinsights_sitenote_active":false,"_monsterinsights_sitenote_note":"","_monsterinsights_sitenote_category":0,"jnews-multi-image_gallery":[],"jnews_single_post":{"format":"standard"},"jnews_primary_category":[],"footnotes":""},"categories":[1],"tags":[],"class_list":["post-95979","post","type-post","status-publish","format-standard","has-post-thumbnail","hentry","category-uncategorized"],"aioseo_notices":[],"_links":{"self":[{"href":"https:\/\/estado29.mx\/index.php?rest_route=\/wp\/v2\/posts\/95979","targetHints":{"allow":["GET"]}}],"collection":[{"href":"https:\/\/estado29.mx\/index.php?rest_route=\/wp\/v2\/posts"}],"about":[{"href":"https:\/\/estado29.mx\/index.php?rest_route=\/wp\/v2\/types\/post"}],"author":[{"embeddable":true,"href":"https:\/\/estado29.mx\/index.php?rest_route=\/wp\/v2\/users\/5"}],"replies":[{"embeddable":true,"href":"https:\/\/estado29.mx\/index.php?rest_route=%2Fwp%2Fv2%2Fcomments&post=95979"}],"version-history":[{"count":1,"href":"https:\/\/estado29.mx\/index.php?rest_route=\/wp\/v2\/posts\/95979\/revisions"}],"predecessor-version":[{"id":95981,"href":"https:\/\/estado29.mx\/index.php?rest_route=\/wp\/v2\/posts\/95979\/revisions\/95981"}],"wp:featuredmedia":[{"embeddable":true,"href":"https:\/\/estado29.mx\/index.php?rest_route=\/wp\/v2\/media\/95980"}],"wp:attachment":[{"href":"https:\/\/estado29.mx\/index.php?rest_route=%2Fwp%2Fv2%2Fmedia&parent=95979"}],"wp:term":[{"taxonomy":"category","embeddable":true,"href":"https:\/\/estado29.mx\/index.php?rest_route=%2Fwp%2Fv2%2Fcategories&post=95979"},{"taxonomy":"post_tag","embeddable":true,"href":"https:\/\/estado29.mx\/index.php?rest_route=%2Fwp%2Fv2%2Ftags&post=95979"}],"curies":[{"name":"wp","href":"https:\/\/api.w.org\/{rel}","templated":true}]}}