{"id":95988,"date":"2025-06-17T03:17:56","date_gmt":"2025-06-17T03:17:56","guid":{"rendered":"https:\/\/estado29.mx\/?p=95988"},"modified":"2025-06-17T03:17:56","modified_gmt":"2025-06-17T03:17:56","slug":"salvador-santos-cedillo-anuncia-que-el-programa-de-la-feria-de-huamantla-se-presentara-el-proximo-4-de-julio","status":"publish","type":"post","link":"https:\/\/estado29.mx\/?p=95988","title":{"rendered":"SALVADOR SANTOS CEDILLO ANUNCIA QUE EL PROGRAMA DE LA FERIA DE HUAMANTLA SE PRESENTAR\u00c1 EL PR\u00d3XIMO 4 DE JULIO"},"content":{"rendered":"<figure class=\"wp-block-post-featured-image\"><img loading=\"lazy\" decoding=\"async\" width=\"1280\" height=\"853\" src=\"https:\/\/estado29.mx\/wp-content\/uploads\/2025\/06\/WhatsApp-Image-2025-06-02-at-10.44.50-AM.jpeg\" class=\"attachment-post-thumbnail size-post-thumbnail wp-post-image\" alt=\"\" style=\"object-fit:cover;\" srcset=\"https:\/\/estado29.mx\/wp-content\/uploads\/2025\/06\/WhatsApp-Image-2025-06-02-at-10.44.50-AM.jpeg 1280w, https:\/\/estado29.mx\/wp-content\/uploads\/2025\/06\/WhatsApp-Image-2025-06-02-at-10.44.50-AM-300x200.jpeg 300w, https:\/\/estado29.mx\/wp-content\/uploads\/2025\/06\/WhatsApp-Image-2025-06-02-at-10.44.50-AM-1024x682.jpeg 1024w, https:\/\/estado29.mx\/wp-content\/uploads\/2025\/06\/WhatsApp-Image-2025-06-02-at-10.44.50-AM-768x512.jpeg 768w, https:\/\/estado29.mx\/wp-content\/uploads\/2025\/06\/WhatsApp-Image-2025-06-02-at-10.44.50-AM-750x500.jpeg 750w, https:\/\/estado29.mx\/wp-content\/uploads\/2025\/06\/WhatsApp-Image-2025-06-02-at-10.44.50-AM-1140x760.jpeg 1140w\" sizes=\"auto, (max-width: 1280px) 100vw, 1280px\" \/><\/figure>\n\n\n<p>El Presidente Municipal de Huamantla, <strong>Salvador Santos Cedillo<\/strong>, inform\u00f3 que ser\u00e1 el pr\u00f3ximo <strong>4 de julio<\/strong> cuando se presente oficialmente el <strong>programa de actividades de la Feria de Huamantla 2025<\/strong>, una de las celebraciones m\u00e1s esperadas por habitantes y visitantes del Pueblo M\u00e1gico.<\/p>\n\n\n\n<p>El alcalde explic\u00f3 que el anuncio se ha retrasado debido a la gesti\u00f3n cuidadosa en la contrataci\u00f3n de artistas, ya que el compromiso del Gobierno Municipal es ofrecer una feria de calidad, como en a\u00f1os anteriores.<\/p>\n\n\n\n<p>Adem\u00e1s, se\u00f1al\u00f3 que la <strong>din\u00e1mica de los Pueblos M\u00e1gicos ha cambiado<\/strong> y actualmente se trabaja en la <strong>adecuaci\u00f3n de nuevos reglamentos<\/strong>. \u201cAhora que soy <strong>vicepresidente de la Red Nacional de Alcaldes de los Pueblos M\u00e1gicos<\/strong>, tenemos un doble compromiso\u201d, afirm\u00f3.<\/p>\n\n\n\n<p><strong>Este anuncio se dio en el marco de la jornada c\u00edvica para elegir a nuevos representantes del Poder Judicial y, <\/strong>tras emitir su voto, el Presidente Municipal destac\u00f3 la importancia de <strong>participar activamente en esta jornada como ciudadanos y poner el ejemplo como autoridades<\/strong>.<\/p>\n","protected":false},"excerpt":{"rendered":"<p>El Presidente Municipal de Huamantla, Salvador Santos Cedillo, inform\u00f3 que ser\u00e1 el pr\u00f3ximo 4 de julio cuando se presente oficialmente el programa de actividades de la Feria de Huamantla 2025, una de las celebraciones m\u00e1s esperadas por habitantes y visitantes del Pueblo M\u00e1gico. El alcalde explic\u00f3 que el anuncio se ha retrasado debido a la [&hellip;]<\/p>\n","protected":false},"author":9,"featured_media":95989,"comment_status":"open","ping_status":"open","sticky":false,"template":"","format":"standard","meta":{"om_disable_all_campaigns":false,"_monsterinsights_skip_tracking":false,"_monsterinsights_sitenote_active":false,"_monsterinsights_sitenote_note":"","_monsterinsights_sitenote_category":0,"jnews-multi-image_gallery":[],"jnews_single_post":{"format":"standard"},"jnews_primary_category":[],"footnotes":""},"categories":[1],"tags":[],"class_list":["post-95988","post","type-post","status-publish","format-standard","has-post-thumbnail","hentry","category-uncategorized"],"aioseo_notices":[],"_links":{"self":[{"href":"https:\/\/estado29.mx\/index.php?rest_route=\/wp\/v2\/posts\/95988","targetHints":{"allow":["GET"]}}],"collection":[{"href":"https:\/\/estado29.mx\/index.php?rest_route=\/wp\/v2\/posts"}],"about":[{"href":"https:\/\/estado29.mx\/index.php?rest_route=\/wp\/v2\/types\/post"}],"author":[{"embeddable":true,"href":"https:\/\/estado29.mx\/index.php?rest_route=\/wp\/v2\/users\/9"}],"replies":[{"embeddable":true,"href":"https:\/\/estado29.mx\/index.php?rest_route=%2Fwp%2Fv2%2Fcomments&post=95988"}],"version-history":[{"count":1,"href":"https:\/\/estado29.mx\/index.php?rest_route=\/wp\/v2\/posts\/95988\/revisions"}],"predecessor-version":[{"id":95990,"href":"https:\/\/estado29.mx\/index.php?rest_route=\/wp\/v2\/posts\/95988\/revisions\/95990"}],"wp:featuredmedia":[{"embeddable":true,"href":"https:\/\/estado29.mx\/index.php?rest_route=\/wp\/v2\/media\/95989"}],"wp:attachment":[{"href":"https:\/\/estado29.mx\/index.php?rest_route=%2Fwp%2Fv2%2Fmedia&parent=95988"}],"wp:term":[{"taxonomy":"category","embeddable":true,"href":"https:\/\/estado29.mx\/index.php?rest_route=%2Fwp%2Fv2%2Fcategories&post=95988"},{"taxonomy":"post_tag","embeddable":true,"href":"https:\/\/estado29.mx\/index.php?rest_route=%2Fwp%2Fv2%2Ftags&post=95988"}],"curies":[{"name":"wp","href":"https:\/\/api.w.org\/{rel}","templated":true}]}}