{"id":95995,"date":"2025-06-17T03:17:56","date_gmt":"2025-06-17T03:17:56","guid":{"rendered":"https:\/\/estado29.mx\/?p=95995"},"modified":"2025-06-17T03:17:56","modified_gmt":"2025-06-17T03:17:56","slug":"vuelca-automovil-en-la-mexico-veracruz-en-cuapiaxtla","status":"publish","type":"post","link":"https:\/\/estado29.mx\/?p=95995","title":{"rendered":"Vuelca autom\u00f3vil en la M\u00e9xico &#8211; Veracruz en Cuapiaxtla."},"content":{"rendered":"\n<p>Paco Ugarte.<\/p>\n\n\n\n<p>Durante la tarde lluviosa de esta lunes, sobre la carretera M\u00e9xico &#8211; Veracruz a la altura del puente de las empresas en Cuapiaxtla se registr\u00f3 la volcadura de un veh\u00edculo.<\/p>\n\n\n\n<p>En informaci\u00f3n preliminar se\u00f1alan, exceso de velocidad y falta de precauci\u00f3n al momento de conducir por parte del conductor fue la posible causas de este hecho, aunado a las condiciones del clima.<\/p>\n\n\n\n<p>Afortunadamente solo se registraron da\u00f1os materiales, por lo que al ser una v\u00eda de comunicaci\u00f3n federal se hizo cargo Guardia Nacional.<\/p>\n\n\n\n<p>La unidad siniestrada fue retirada con ayuda de una gr\u00faa, en tanto se abander\u00f3 la zona a fin de evitar otro incidente.<\/p>\n","protected":false},"excerpt":{"rendered":"<p>Paco Ugarte. Durante la tarde lluviosa de esta lunes, sobre la carretera M\u00e9xico &#8211; Veracruz a la altura del puente de las empresas en Cuapiaxtla se registr\u00f3 la volcadura de un veh\u00edculo. En informaci\u00f3n preliminar se\u00f1alan, exceso de velocidad y falta de precauci\u00f3n al momento de conducir por parte del conductor fue la posible causas [&hellip;]<\/p>\n","protected":false},"author":5,"featured_media":95996,"comment_status":"open","ping_status":"open","sticky":false,"template":"","format":"standard","meta":{"om_disable_all_campaigns":false,"_monsterinsights_skip_tracking":false,"_monsterinsights_sitenote_active":false,"_monsterinsights_sitenote_note":"","_monsterinsights_sitenote_category":0,"jnews-multi-image_gallery":[],"jnews_single_post":{"format":"standard"},"jnews_primary_category":[],"footnotes":""},"categories":[1],"tags":[],"class_list":["post-95995","post","type-post","status-publish","format-standard","has-post-thumbnail","hentry","category-uncategorized"],"aioseo_notices":[],"_links":{"self":[{"href":"https:\/\/estado29.mx\/index.php?rest_route=\/wp\/v2\/posts\/95995","targetHints":{"allow":["GET"]}}],"collection":[{"href":"https:\/\/estado29.mx\/index.php?rest_route=\/wp\/v2\/posts"}],"about":[{"href":"https:\/\/estado29.mx\/index.php?rest_route=\/wp\/v2\/types\/post"}],"author":[{"embeddable":true,"href":"https:\/\/estado29.mx\/index.php?rest_route=\/wp\/v2\/users\/5"}],"replies":[{"embeddable":true,"href":"https:\/\/estado29.mx\/index.php?rest_route=%2Fwp%2Fv2%2Fcomments&post=95995"}],"version-history":[{"count":1,"href":"https:\/\/estado29.mx\/index.php?rest_route=\/wp\/v2\/posts\/95995\/revisions"}],"predecessor-version":[{"id":95997,"href":"https:\/\/estado29.mx\/index.php?rest_route=\/wp\/v2\/posts\/95995\/revisions\/95997"}],"wp:featuredmedia":[{"embeddable":true,"href":"https:\/\/estado29.mx\/index.php?rest_route=\/wp\/v2\/media\/95996"}],"wp:attachment":[{"href":"https:\/\/estado29.mx\/index.php?rest_route=%2Fwp%2Fv2%2Fmedia&parent=95995"}],"wp:term":[{"taxonomy":"category","embeddable":true,"href":"https:\/\/estado29.mx\/index.php?rest_route=%2Fwp%2Fv2%2Fcategories&post=95995"},{"taxonomy":"post_tag","embeddable":true,"href":"https:\/\/estado29.mx\/index.php?rest_route=%2Fwp%2Fv2%2Ftags&post=95995"}],"curies":[{"name":"wp","href":"https:\/\/api.w.org\/{rel}","templated":true}]}}