{"id":96001,"date":"2025-06-17T03:17:56","date_gmt":"2025-06-17T03:17:56","guid":{"rendered":"https:\/\/estado29.mx\/?p=96001"},"modified":"2025-06-17T03:17:56","modified_gmt":"2025-06-17T03:17:56","slug":"arrancan-las-tradicionales-trecenas-en-el-barrio-de-san-antonio","status":"publish","type":"post","link":"https:\/\/estado29.mx\/?p=96001","title":{"rendered":"Arrancan las Tradicionales Trecenas en el Barrio de San Antonio"},"content":{"rendered":"<figure class=\"wp-block-post-featured-image\"><img loading=\"lazy\" decoding=\"async\" width=\"1280\" height=\"960\" src=\"https:\/\/estado29.mx\/wp-content\/uploads\/2025\/06\/IMG-20250602-WA0252.jpg\" class=\"attachment-post-thumbnail size-post-thumbnail wp-post-image\" alt=\"\" style=\"object-fit:cover;\" srcset=\"https:\/\/estado29.mx\/wp-content\/uploads\/2025\/06\/IMG-20250602-WA0252.jpg 1280w, https:\/\/estado29.mx\/wp-content\/uploads\/2025\/06\/IMG-20250602-WA0252-300x225.jpg 300w, https:\/\/estado29.mx\/wp-content\/uploads\/2025\/06\/IMG-20250602-WA0252-1024x768.jpg 1024w, https:\/\/estado29.mx\/wp-content\/uploads\/2025\/06\/IMG-20250602-WA0252-768x576.jpg 768w, https:\/\/estado29.mx\/wp-content\/uploads\/2025\/06\/IMG-20250602-WA0252-750x563.jpg 750w, https:\/\/estado29.mx\/wp-content\/uploads\/2025\/06\/IMG-20250602-WA0252-1140x855.jpg 1140w\" sizes=\"auto, (max-width: 1280px) 100vw, 1280px\" \/><\/figure>\n\n\n<p>Con gran entusiasmo y a pesar de la lluvia, los vecinos del Barrio de San Antonio se dieron cita para disfrutar del inicio de las tradicionales trecenas, que se desarrollar\u00e1n durante los pr\u00f3ximos d\u00edas.<\/p>\n\n\n\n<p>El evento comenz\u00f3 con un desfile que parti\u00f3 del parque Ju\u00e1rez y lleg\u00f3 al Barrio de San Antonio, tiempo despu\u00e9s se llev\u00f3 a cabo la inauguraci\u00f3n de un Pabell\u00f3n Artesanal para impulsar el comercio local.<\/p>\n\n\n\n<p>Alrededor de las 21:00 hrs, se coron\u00f3 a Kenia I, evento presidido por la S\u00edndico municipal Brizeyla Ivette Rodr\u00edguez Lopez en representaci\u00f3n del presidente Salvador Santos Cedillo, Magdalena Carmona Juez Municipal, Fredy Antonio Presidente de la Preciosa y p\u00fablico en general quienes fueron participes de este acto.<\/p>\n\n\n\n<p>El presidente del Barrio de San Antonio, Francisco Alejandro Salda\u00f1a, extendi\u00f3 una invitaci\u00f3n a la ciudadan\u00eda para que acudan a disfrutar de las tradicionales trecenas y asegur\u00f3 que se cuenta con un operativo de seguridad en coordinaci\u00f3n con el Presidente Municipal, Salvador Santos Cedillo, para garantizar la seguridad de los asistentes.<\/p>\n\n\n\n<p>Esta trecena finalizo con la participaci\u00f3n estelar de los de Akino.Las trecenas continuar\u00e1n durante los pr\u00f3ximos d\u00edas con una variedad de actividades culturales, musicales y gastron\u00f3micas.<\/p>\n","protected":false},"excerpt":{"rendered":"<p>Con gran entusiasmo y a pesar de la lluvia, los vecinos del Barrio de San Antonio se dieron cita para disfrutar del inicio de las tradicionales trecenas, que se desarrollar\u00e1n durante los pr\u00f3ximos d\u00edas. El evento comenz\u00f3 con un desfile que parti\u00f3 del parque Ju\u00e1rez y lleg\u00f3 al Barrio de San Antonio, tiempo despu\u00e9s se [&hellip;]<\/p>\n","protected":false},"author":9,"featured_media":96002,"comment_status":"open","ping_status":"open","sticky":false,"template":"","format":"standard","meta":{"om_disable_all_campaigns":false,"_monsterinsights_skip_tracking":false,"_monsterinsights_sitenote_active":false,"_monsterinsights_sitenote_note":"","_monsterinsights_sitenote_category":0,"jnews-multi-image_gallery":[],"jnews_single_post":{"format":"standard"},"jnews_primary_category":[],"footnotes":""},"categories":[1],"tags":[],"class_list":["post-96001","post","type-post","status-publish","format-standard","has-post-thumbnail","hentry","category-uncategorized"],"aioseo_notices":[],"_links":{"self":[{"href":"https:\/\/estado29.mx\/index.php?rest_route=\/wp\/v2\/posts\/96001","targetHints":{"allow":["GET"]}}],"collection":[{"href":"https:\/\/estado29.mx\/index.php?rest_route=\/wp\/v2\/posts"}],"about":[{"href":"https:\/\/estado29.mx\/index.php?rest_route=\/wp\/v2\/types\/post"}],"author":[{"embeddable":true,"href":"https:\/\/estado29.mx\/index.php?rest_route=\/wp\/v2\/users\/9"}],"replies":[{"embeddable":true,"href":"https:\/\/estado29.mx\/index.php?rest_route=%2Fwp%2Fv2%2Fcomments&post=96001"}],"version-history":[{"count":1,"href":"https:\/\/estado29.mx\/index.php?rest_route=\/wp\/v2\/posts\/96001\/revisions"}],"predecessor-version":[{"id":96003,"href":"https:\/\/estado29.mx\/index.php?rest_route=\/wp\/v2\/posts\/96001\/revisions\/96003"}],"wp:featuredmedia":[{"embeddable":true,"href":"https:\/\/estado29.mx\/index.php?rest_route=\/wp\/v2\/media\/96002"}],"wp:attachment":[{"href":"https:\/\/estado29.mx\/index.php?rest_route=%2Fwp%2Fv2%2Fmedia&parent=96001"}],"wp:term":[{"taxonomy":"category","embeddable":true,"href":"https:\/\/estado29.mx\/index.php?rest_route=%2Fwp%2Fv2%2Fcategories&post=96001"},{"taxonomy":"post_tag","embeddable":true,"href":"https:\/\/estado29.mx\/index.php?rest_route=%2Fwp%2Fv2%2Ftags&post=96001"}],"curies":[{"name":"wp","href":"https:\/\/api.w.org\/{rel}","templated":true}]}}