{"id":96013,"date":"2025-06-17T03:17:56","date_gmt":"2025-06-17T03:17:56","guid":{"rendered":"https:\/\/estado29.mx\/?p=96013"},"modified":"2025-06-17T03:17:56","modified_gmt":"2025-06-17T03:17:56","slug":"supervisa-gobernadora-avances-de-nuevos-edificios-de-instituciones-educativas-en-la-capital","status":"publish","type":"post","link":"https:\/\/estado29.mx\/?p=96013","title":{"rendered":"Supervisa gobernadora avances de nuevos edificios de instituciones educativas en la capital"},"content":{"rendered":"\n<p><\/p>\n\n\n\n<p>*Lorena Cu\u00e9llar Cisneros recorri\u00f3 las instalaciones del Jard\u00edn de Ni\u00f1os \u201cJosefina Ramos del R\u00edo\u201d y la primaria \u201cEmilio Zapata\u201d, en la colonia Loma Xicoht\u00e9ncatl<\/p>\n\n\n\n<p>La gobernadora Lorena Cu\u00e9llar Cisneros supervis\u00f3 los avances de los trabajos de construcci\u00f3n de los nuevos edificios del Jard\u00edn de Ni\u00f1os \u201cJosefina Ramos del R\u00edo\u201d y de las primarias \u201cEmilio Zapata\u201d y \u201cJuan Escutia\u201d, turno matutino y vespertino, respectivamente, ubicados en la colonia Loma Xicoht\u00e9ncatl en la capital del estado, obras que fortalecen la infraestructura educativa en la entidad y ofrecer\u00e1n espacios dignos a m\u00e1s de 860 alumnos.<\/p>\n\n\n\n<p>Acompa\u00f1ada por el director del Instituto Tlaxcalteca de la Infraestructura F\u00edsica Educativa (ITIFE), Mateo Sergio S\u00e1nchez Ram\u00edrez, y el secretario de Educaci\u00f3n, Homero Meneses Hern\u00e1ndez, Cu\u00e9llar Cisneros destac\u00f3 que con estos nuevos espacios \u201cnuestros ni\u00f1as y ni\u00f1os tendr\u00e1n hoy un lugar digno\u201d.<\/p>\n\n\n\n<p>\u201cNuestros ni\u00f1os van a estar en mejores condiciones; ahora contar\u00e1n con desayunadores con comida caliente, con \u00e1reas especiales, direcciones, salones, \u00e1reas verdes, techumbres, todo lo que se requiere para que nuestros ni\u00f1os est\u00e9n en mejores condiciones. Estamos trabajando\u201d, enfatiz\u00f3 acompa\u00f1ada de directivos y jefes de sector.<\/p>\n\n\n\n<p>El director del ITIFE, Mateo Sergio S\u00e1nchez Ram\u00edrez, detall\u00f3 que, en el caso del Jard\u00edn de Ni\u00f1os \u201cJosefina Ramos del R\u00edo\u201d que por 59 a\u00f1os oper\u00f3 en las inmediaciones del mercado municipal de Tlaxcala \u201cEmilio S\u00e1nchez Piedras\u201d, fue reubicado en un predio de la Loma Xicohtencatl, el cual registra un avance del 99 por ciento y beneficiar\u00e1 a 155 infantes de los turnos matutino y vespertino, as\u00ed como 10 docentes, con una inversi\u00f3n de 11 millones 908 mil 612 pesos.<\/p>\n\n\n\n<p>La nueva escuela consta de cinco salones de clases, la Unidad de Servicios de Apoyo a la Educaci\u00f3n Regular (USAER), desayunador, aula de medios, dos direcciones, m\u00f3dulo sanitario, la oficina de jefa de sector, oficina de supervisi\u00f3n, bodega y techumbre, que garantiza a ni\u00f1as y ni\u00f1os un espacio seguro y cuidar\u00e1 de su salud.<\/p>\n\n\n\n<p>Respecto a la primaria \u201cEmiliano Zapata\u201d del turno matutino y Juan Escutia del vespertino, que durante 85 a\u00f1os funcionaron en esas instalaciones, la mandataria estatal supervis\u00f3 los trabajos de la primera etapa, los cuales registran un avance del 65 por ciento, con una inversi\u00f3n de 24 millones 017 mil 615 pesos.<\/p>\n\n\n\n<p>La nueva infraestructura comprende el edificio \u201cA\u201d, en el que se construyen dos direcciones, seis salones de clases, aula de usos m\u00faltiples y m\u00f3dulo sanitario, y el Edificio \u201cC\u201d, que incluye aula de medios, sala de maestros, dos aulas de USAER, aula de usos m\u00faltiples, biblioteca, bodega y siete salones de clases.<\/p>\n\n\n\n<p>Durante el recorrido se inform\u00f3 que en los pr\u00f3ximos d\u00edas la junta de gobierno del ITIFE aprobar\u00e1 la segunda etapa, con un monto de 24 millones de pesos, con el objetivo de reubicar a la escuela Emiliano Zapata turno matutino e Ignacio Manuel Altamirano turno vespertino, que se encuentran atr\u00e1s del mercado Emilio S\u00e1nchez Piedras, con el objetivo de que en 2025 concluyan los trabajos en beneficio de 705 alumnos.<\/p>\n","protected":false},"excerpt":{"rendered":"<p>*Lorena Cu\u00e9llar Cisneros recorri\u00f3 las instalaciones del Jard\u00edn de Ni\u00f1os \u201cJosefina Ramos del R\u00edo\u201d y la primaria \u201cEmilio Zapata\u201d, en la colonia Loma Xicoht\u00e9ncatl La gobernadora Lorena Cu\u00e9llar Cisneros supervis\u00f3 los avances de los trabajos de construcci\u00f3n de los nuevos edificios del Jard\u00edn de Ni\u00f1os \u201cJosefina Ramos del R\u00edo\u201d y de las primarias \u201cEmilio Zapata\u201d [&hellip;]<\/p>\n","protected":false},"author":4,"featured_media":96014,"comment_status":"open","ping_status":"open","sticky":false,"template":"","format":"standard","meta":{"om_disable_all_campaigns":false,"_monsterinsights_skip_tracking":false,"_monsterinsights_sitenote_active":false,"_monsterinsights_sitenote_note":"","_monsterinsights_sitenote_category":0,"jnews-multi-image_gallery":[],"jnews_single_post":{"format":"standard"},"jnews_primary_category":[],"footnotes":""},"categories":[1],"tags":[],"class_list":["post-96013","post","type-post","status-publish","format-standard","has-post-thumbnail","hentry","category-uncategorized"],"aioseo_notices":[],"_links":{"self":[{"href":"https:\/\/estado29.mx\/index.php?rest_route=\/wp\/v2\/posts\/96013","targetHints":{"allow":["GET"]}}],"collection":[{"href":"https:\/\/estado29.mx\/index.php?rest_route=\/wp\/v2\/posts"}],"about":[{"href":"https:\/\/estado29.mx\/index.php?rest_route=\/wp\/v2\/types\/post"}],"author":[{"embeddable":true,"href":"https:\/\/estado29.mx\/index.php?rest_route=\/wp\/v2\/users\/4"}],"replies":[{"embeddable":true,"href":"https:\/\/estado29.mx\/index.php?rest_route=%2Fwp%2Fv2%2Fcomments&post=96013"}],"version-history":[{"count":1,"href":"https:\/\/estado29.mx\/index.php?rest_route=\/wp\/v2\/posts\/96013\/revisions"}],"predecessor-version":[{"id":96015,"href":"https:\/\/estado29.mx\/index.php?rest_route=\/wp\/v2\/posts\/96013\/revisions\/96015"}],"wp:featuredmedia":[{"embeddable":true,"href":"https:\/\/estado29.mx\/index.php?rest_route=\/wp\/v2\/media\/96014"}],"wp:attachment":[{"href":"https:\/\/estado29.mx\/index.php?rest_route=%2Fwp%2Fv2%2Fmedia&parent=96013"}],"wp:term":[{"taxonomy":"category","embeddable":true,"href":"https:\/\/estado29.mx\/index.php?rest_route=%2Fwp%2Fv2%2Fcategories&post=96013"},{"taxonomy":"post_tag","embeddable":true,"href":"https:\/\/estado29.mx\/index.php?rest_route=%2Fwp%2Fv2%2Ftags&post=96013"}],"curies":[{"name":"wp","href":"https:\/\/api.w.org\/{rel}","templated":true}]}}