{"id":96037,"date":"2025-06-17T03:18:29","date_gmt":"2025-06-17T03:18:29","guid":{"rendered":"https:\/\/estado29.mx\/?p=96037"},"modified":"2025-06-17T03:18:29","modified_gmt":"2025-06-17T03:18:29","slug":"presenta-presidente-municipal-alfonso-sanchez-garcia-el-cumbiaton-fest-evento-con-causa-a-beneficio-de-la-poblacion-vulnerable","status":"publish","type":"post","link":"https:\/\/estado29.mx\/?p=96037","title":{"rendered":"Presenta presidente municipal Alfonso S\u00e1nchez Garc\u00eda el \u201cCumbiat\u00f3n Fest\u201d, evento con causa a beneficio de la poblaci\u00f3n vulnerable"},"content":{"rendered":"<figure class=\"wp-block-post-featured-image\"><img loading=\"lazy\" decoding=\"async\" width=\"1600\" height=\"1066\" src=\"https:\/\/estado29.mx\/wp-content\/uploads\/2025\/06\/IMG-20250603-WA0189.jpg\" class=\"attachment-post-thumbnail size-post-thumbnail wp-post-image\" alt=\"\" style=\"object-fit:cover;\" srcset=\"https:\/\/estado29.mx\/wp-content\/uploads\/2025\/06\/IMG-20250603-WA0189.jpg 1600w, https:\/\/estado29.mx\/wp-content\/uploads\/2025\/06\/IMG-20250603-WA0189-300x200.jpg 300w, https:\/\/estado29.mx\/wp-content\/uploads\/2025\/06\/IMG-20250603-WA0189-1024x682.jpg 1024w, https:\/\/estado29.mx\/wp-content\/uploads\/2025\/06\/IMG-20250603-WA0189-768x512.jpg 768w, https:\/\/estado29.mx\/wp-content\/uploads\/2025\/06\/IMG-20250603-WA0189-1536x1023.jpg 1536w, https:\/\/estado29.mx\/wp-content\/uploads\/2025\/06\/IMG-20250603-WA0189-750x500.jpg 750w, https:\/\/estado29.mx\/wp-content\/uploads\/2025\/06\/IMG-20250603-WA0189-1140x760.jpg 1140w\" sizes=\"auto, (max-width: 1600px) 100vw, 1600px\" \/><\/figure>\n\n\n<ul class=\"wp-block-list\">\n<li><em>El concierto con causa se realizar\u00e1 el 14 de junio en la unidad Blas \u201cCharro\u201d Carvajal a cambio de un kilo de ayuda; lo recaudado ser\u00e1 destinado a personas en situaci\u00f3n vulnerable de 29 zonas prioritarias del municipio de Tlaxcala<\/em><\/li>\n<\/ul>\n\n\n\n<p>El presidente municipal de Tlaxcala de Xicoht\u00e9ncatl, Alfonso S\u00e1nchez Garc\u00eda, present\u00f3 ante medios de comunicaci\u00f3n el evento con causa \u201cCumbiat\u00f3n Fest\u201d, que se llevar\u00e1 a cabo el pr\u00f3ximo s\u00e1bado 14 de junio en las instalaciones del estadio de b\u00e9isbol Blas \u201cCharro\u201d Carvajal, ubicado en La Loma Xicoht\u00e9ncatl.<\/p>\n\n\n\n<p>El evento tiene como objetivo principal recolectar v\u00edveres a trav\u00e9s de la modalidad \u201cun kilo de ayuda\u201d, mediante la cual las y los asistentes podr\u00e1n obtener su acceso entregando alimentos no perecederos, como arroz, frijol, az\u00facar, sopas, at\u00fan y aceite, entre otros productos.<\/p>\n\n\n\n<figure class=\"wp-block-gallery has-nested-images columns-default is-cropped wp-block-gallery-1 is-layout-flex wp-block-gallery-is-layout-flex\">\n<figure class=\"wp-block-image size-large\"><img loading=\"lazy\" decoding=\"async\" width=\"1024\" height=\"682\" data-id=\"96039\" src=\"https:\/\/estado29.mx\/wp-content\/uploads\/2025\/06\/1000392347-1024x682.jpg\" alt=\"\" class=\"wp-image-96039\" srcset=\"https:\/\/estado29.mx\/wp-content\/uploads\/2025\/06\/1000392347-1024x682.jpg 1024w, https:\/\/estado29.mx\/wp-content\/uploads\/2025\/06\/1000392347-300x200.jpg 300w, https:\/\/estado29.mx\/wp-content\/uploads\/2025\/06\/1000392347-768x512.jpg 768w, https:\/\/estado29.mx\/wp-content\/uploads\/2025\/06\/1000392347-1536x1023.jpg 1536w, https:\/\/estado29.mx\/wp-content\/uploads\/2025\/06\/1000392347-750x500.jpg 750w, https:\/\/estado29.mx\/wp-content\/uploads\/2025\/06\/1000392347-1140x760.jpg 1140w, https:\/\/estado29.mx\/wp-content\/uploads\/2025\/06\/1000392347.jpg 1600w\" sizes=\"auto, (max-width: 1024px) 100vw, 1024px\" \/><\/figure>\n\n\n\n<figure class=\"wp-block-image size-large\"><img loading=\"lazy\" decoding=\"async\" width=\"1024\" height=\"682\" data-id=\"96040\" src=\"https:\/\/estado29.mx\/wp-content\/uploads\/2025\/06\/1000392345-1024x682.jpg\" alt=\"\" class=\"wp-image-96040\" srcset=\"https:\/\/estado29.mx\/wp-content\/uploads\/2025\/06\/1000392345-1024x682.jpg 1024w, https:\/\/estado29.mx\/wp-content\/uploads\/2025\/06\/1000392345-300x200.jpg 300w, https:\/\/estado29.mx\/wp-content\/uploads\/2025\/06\/1000392345-768x512.jpg 768w, https:\/\/estado29.mx\/wp-content\/uploads\/2025\/06\/1000392345-1536x1023.jpg 1536w, https:\/\/estado29.mx\/wp-content\/uploads\/2025\/06\/1000392345-750x500.jpg 750w, https:\/\/estado29.mx\/wp-content\/uploads\/2025\/06\/1000392345-1140x760.jpg 1140w, https:\/\/estado29.mx\/wp-content\/uploads\/2025\/06\/1000392345.jpg 1600w\" sizes=\"auto, (max-width: 1024px) 100vw, 1024px\" \/><\/figure>\n\n\n\n<figure class=\"wp-block-image size-large\"><img loading=\"lazy\" decoding=\"async\" width=\"1024\" height=\"682\" data-id=\"96041\" src=\"https:\/\/estado29.mx\/wp-content\/uploads\/2025\/06\/1000392346-1024x682.jpg\" alt=\"\" class=\"wp-image-96041\" srcset=\"https:\/\/estado29.mx\/wp-content\/uploads\/2025\/06\/1000392346-1024x682.jpg 1024w, https:\/\/estado29.mx\/wp-content\/uploads\/2025\/06\/1000392346-300x200.jpg 300w, https:\/\/estado29.mx\/wp-content\/uploads\/2025\/06\/1000392346-768x512.jpg 768w, https:\/\/estado29.mx\/wp-content\/uploads\/2025\/06\/1000392346-1536x1023.jpg 1536w, https:\/\/estado29.mx\/wp-content\/uploads\/2025\/06\/1000392346-750x500.jpg 750w, https:\/\/estado29.mx\/wp-content\/uploads\/2025\/06\/1000392346-1140x760.jpg 1140w, https:\/\/estado29.mx\/wp-content\/uploads\/2025\/06\/1000392346.jpg 1600w\" sizes=\"auto, (max-width: 1024px) 100vw, 1024px\" \/><\/figure>\n<\/figure>\n\n\n\n<p>&#8220;Lo recaudado ser\u00e1 canalizado a trav\u00e9s del Sistema Municipal DIF para apoyar a personas en situaci\u00f3n de vulnerabilidad que han sido previamente censadas y que se concentran en 29 zonas de alta prioridad del municipio&#8221;, explic\u00f3 el alcalde.<\/p>\n\n\n\n<p>El presidente subray\u00f3 que el concierto se realiza en coordinaci\u00f3n con la Primera Regidur\u00eda y el DIF municipal, con el fin de lograr un impacto social positivo a trav\u00e9s de una actividad cultural de gran alcance. Asimismo, destac\u00f3 que se espera una afluencia de hasta 6 mil personas, por lo que se ha dispuesto un operativo de seguridad integral, a cargo de la Direcci\u00f3n de Seguridad Ciudadana y Movilidad del municipio, adem\u00e1s del apoyo de una empresa de seguridad privada para garantizar la tranquilidad de todos los asistentes.<\/p>\n\n\n\n<p>Por su parte, el primer regidor Fernando Mendieta puntualiz\u00f3 que para adquirir un boleto es necesario seguir la cuenta oficial de Cumbiat\u00f3n Fest en Instagram, registrarse en la plataforma disponible en la p\u00e1gina oficial del Ayuntamiento, y posteriormente entregar el kilo de ayuda en las instalaciones del DIF municipal.<\/p>\n\n\n\n<p>El evento ser\u00e1 de car\u00e1cter gratuito y contar\u00e1 con m\u00e1s de 12 horas continuas de m\u00fasica, con la participaci\u00f3n de artistas como Ronda Bogot\u00e1, Eme Malafe, La Corea\u00f1era, Ese P\u00e9rez, Sonido FlamingHot, EasyMo, Los Due\u00f1os, entre otros.<\/p>\n\n\n\n<p>Finalmente, se hizo un llamado a la ciudadan\u00eda a participar de forma solidaria, recordando que los menores de 16 a\u00f1os solo podr\u00e1n ingresar acompa\u00f1ados de un adulto, y que el evento contar\u00e1 con un \u00e1rea especial denominada \u201cZona Rosa\u201d, destinada para mujeres.<\/p>\n","protected":false},"excerpt":{"rendered":"<p>El presidente municipal de Tlaxcala de Xicoht\u00e9ncatl, Alfonso S\u00e1nchez Garc\u00eda, present\u00f3 ante medios de comunicaci\u00f3n el evento con causa \u201cCumbiat\u00f3n Fest\u201d, que se llevar\u00e1 a cabo el pr\u00f3ximo s\u00e1bado 14 de junio en las instalaciones del estadio de b\u00e9isbol Blas \u201cCharro\u201d Carvajal, ubicado en La Loma Xicoht\u00e9ncatl. El evento tiene como objetivo principal recolectar v\u00edveres [&hellip;]<\/p>\n","protected":false},"author":4,"featured_media":96038,"comment_status":"open","ping_status":"open","sticky":false,"template":"","format":"standard","meta":{"om_disable_all_campaigns":false,"_monsterinsights_skip_tracking":false,"_monsterinsights_sitenote_active":false,"_monsterinsights_sitenote_note":"","_monsterinsights_sitenote_category":0,"jnews-multi-image_gallery":[],"jnews_single_post":{"format":"standard"},"jnews_primary_category":[],"footnotes":""},"categories":[1],"tags":[],"class_list":["post-96037","post","type-post","status-publish","format-standard","has-post-thumbnail","hentry","category-uncategorized"],"aioseo_notices":[],"_links":{"self":[{"href":"https:\/\/estado29.mx\/index.php?rest_route=\/wp\/v2\/posts\/96037","targetHints":{"allow":["GET"]}}],"collection":[{"href":"https:\/\/estado29.mx\/index.php?rest_route=\/wp\/v2\/posts"}],"about":[{"href":"https:\/\/estado29.mx\/index.php?rest_route=\/wp\/v2\/types\/post"}],"author":[{"embeddable":true,"href":"https:\/\/estado29.mx\/index.php?rest_route=\/wp\/v2\/users\/4"}],"replies":[{"embeddable":true,"href":"https:\/\/estado29.mx\/index.php?rest_route=%2Fwp%2Fv2%2Fcomments&post=96037"}],"version-history":[{"count":1,"href":"https:\/\/estado29.mx\/index.php?rest_route=\/wp\/v2\/posts\/96037\/revisions"}],"predecessor-version":[{"id":96042,"href":"https:\/\/estado29.mx\/index.php?rest_route=\/wp\/v2\/posts\/96037\/revisions\/96042"}],"wp:featuredmedia":[{"embeddable":true,"href":"https:\/\/estado29.mx\/index.php?rest_route=\/wp\/v2\/media\/96038"}],"wp:attachment":[{"href":"https:\/\/estado29.mx\/index.php?rest_route=%2Fwp%2Fv2%2Fmedia&parent=96037"}],"wp:term":[{"taxonomy":"category","embeddable":true,"href":"https:\/\/estado29.mx\/index.php?rest_route=%2Fwp%2Fv2%2Fcategories&post=96037"},{"taxonomy":"post_tag","embeddable":true,"href":"https:\/\/estado29.mx\/index.php?rest_route=%2Fwp%2Fv2%2Ftags&post=96037"}],"curies":[{"name":"wp","href":"https:\/\/api.w.org\/{rel}","templated":true}]}}