{"id":96051,"date":"2025-06-17T03:18:29","date_gmt":"2025-06-17T03:18:29","guid":{"rendered":"https:\/\/estado29.mx\/?p=96051"},"modified":"2025-06-17T03:18:29","modified_gmt":"2025-06-17T03:18:29","slug":"joven-originaria-de-cuapiaxtla-sale-a-trabajar-y-ya-no-regresa-a-casa","status":"publish","type":"post","link":"https:\/\/estado29.mx\/?p=96051","title":{"rendered":"Joven originaria de Cuapiaxtla sale a trabajar y ya no regresa a casa."},"content":{"rendered":"\n<p>Paco Ugarte.<\/p>\n\n\n\n<p>Familiares, amigos y vecinos han sumado esfuerzos para tratar de localizar a Clareth P\u00e9rez Gonz\u00e1lez, originaria del municipio de Cuapiaxtla y con apenas 23 a\u00f1os de edad, la cual sali\u00f3 a trabajar y hasta el momento no se sabe nada de ella.<\/p>\n\n\n\n<p>En informaci\u00f3n que ha brindado la familia, se\u00f1alan que el pasado 2 de junio la joven sali\u00f3 de su domicilio del barrio de Alta Luz en Cuapiaxtla, con rumbo a la ciudad de Huamantla -Lugar donde laboraba-.<\/p>\n\n\n\n<p>Fue aproximadamente a las 6:00 de la tarde, que Clareth se comunica con su madre para avisar que hab\u00eda salido de su centro de trabajo y se trasladar\u00eda a su domicilio.<\/p>\n\n\n\n<p>A pesar de ello, cerca de la media noche, recibe un mensaje de audio se\u00f1alando \u201cestoy bien, no te preocupes\u2026\u201d sin embargo, el mensaje se escucha forzada e inc\u00f3moda, situaci\u00f3n que alarm\u00f3 a la familia.<\/p>\n\n\n\n<p>Como informaci\u00f3n complementaria que dieron a las autoridades es que la joven, contaba con una orden de restricci\u00f3n con su expareja, por haber sufrido violencia en su relaci\u00f3n.<\/p>\n\n\n\n<p>Cabe mencionar que la familia de Clareth acudi\u00f3 al domicilio del masculino y al entrevistarse con su madre, confirma su hijo se encontraba con la joven.<\/p>\n\n\n\n<p>Fue hasta este 3 de junio que se recibi\u00f3 una llamada del hombre, se\u00f1alando ya hab\u00eda dejado en el parque de Cuapiaxtla a Clareth, sin embargo, no fue localizada, por lo que ahora la preocupaci\u00f3n crece pues la comunicaci\u00f3n es nula.<\/p>\n","protected":false},"excerpt":{"rendered":"<p>Paco Ugarte. Familiares, amigos y vecinos han sumado esfuerzos para tratar de localizar a Clareth P\u00e9rez Gonz\u00e1lez, originaria del municipio de Cuapiaxtla y con apenas 23 a\u00f1os de edad, la cual sali\u00f3 a trabajar y hasta el momento no se sabe nada de ella. En informaci\u00f3n que ha brindado la familia, se\u00f1alan que el pasado [&hellip;]<\/p>\n","protected":false},"author":5,"featured_media":96052,"comment_status":"open","ping_status":"open","sticky":false,"template":"","format":"standard","meta":{"om_disable_all_campaigns":false,"_monsterinsights_skip_tracking":false,"_monsterinsights_sitenote_active":false,"_monsterinsights_sitenote_note":"","_monsterinsights_sitenote_category":0,"jnews-multi-image_gallery":[],"jnews_single_post":{"format":"standard"},"jnews_primary_category":[],"footnotes":""},"categories":[1],"tags":[],"class_list":["post-96051","post","type-post","status-publish","format-standard","has-post-thumbnail","hentry","category-uncategorized"],"aioseo_notices":[],"_links":{"self":[{"href":"https:\/\/estado29.mx\/index.php?rest_route=\/wp\/v2\/posts\/96051","targetHints":{"allow":["GET"]}}],"collection":[{"href":"https:\/\/estado29.mx\/index.php?rest_route=\/wp\/v2\/posts"}],"about":[{"href":"https:\/\/estado29.mx\/index.php?rest_route=\/wp\/v2\/types\/post"}],"author":[{"embeddable":true,"href":"https:\/\/estado29.mx\/index.php?rest_route=\/wp\/v2\/users\/5"}],"replies":[{"embeddable":true,"href":"https:\/\/estado29.mx\/index.php?rest_route=%2Fwp%2Fv2%2Fcomments&post=96051"}],"version-history":[{"count":1,"href":"https:\/\/estado29.mx\/index.php?rest_route=\/wp\/v2\/posts\/96051\/revisions"}],"predecessor-version":[{"id":96053,"href":"https:\/\/estado29.mx\/index.php?rest_route=\/wp\/v2\/posts\/96051\/revisions\/96053"}],"wp:featuredmedia":[{"embeddable":true,"href":"https:\/\/estado29.mx\/index.php?rest_route=\/wp\/v2\/media\/96052"}],"wp:attachment":[{"href":"https:\/\/estado29.mx\/index.php?rest_route=%2Fwp%2Fv2%2Fmedia&parent=96051"}],"wp:term":[{"taxonomy":"category","embeddable":true,"href":"https:\/\/estado29.mx\/index.php?rest_route=%2Fwp%2Fv2%2Fcategories&post=96051"},{"taxonomy":"post_tag","embeddable":true,"href":"https:\/\/estado29.mx\/index.php?rest_route=%2Fwp%2Fv2%2Ftags&post=96051"}],"curies":[{"name":"wp","href":"https:\/\/api.w.org\/{rel}","templated":true}]}}