{"id":96055,"date":"2025-06-17T03:18:29","date_gmt":"2025-06-17T03:18:29","guid":{"rendered":"https:\/\/estado29.mx\/?p=96055"},"modified":"2025-06-17T03:18:29","modified_gmt":"2025-06-17T03:18:29","slug":"tlaxcala-celebro-con-orgullo-la-inauguracion-de-la-semana-cultural-diversa-2025","status":"publish","type":"post","link":"https:\/\/estado29.mx\/?p=96055","title":{"rendered":"Tlaxcala celebr\u00f3 con orgullo la inauguraci\u00f3n de la semana cultural diversa 2025"},"content":{"rendered":"\n<p><\/p>\n\n\n\n<p>*Se entregaron las preseas LGBTIQ+ a destacadas personalidades por su labor en favor de la diversidad y los derechos humanos<\/p>\n\n\n\n<p>La Secretar\u00eda de Cultura inaugur\u00f3 la Semana Cultural Tlaxcala Diversa 2025, bajo el lema #NoM\u00e1sDiscursosDeOdio este espacio est\u00e1 dise\u00f1ado y dedicado a la promoci\u00f3n del arte, la inclusi\u00f3n y el respeto a la diversidad sexual.<\/p>\n\n\n\n<p>En el teatro del Instituto Mexicano del Seguro Social (IMSS), se realiz\u00f3 la ceremonia de inauguraci\u00f3n y se entregaron las preseas LGBTIQ+ Tlaxcala 2025, galardones que reconocen a personas y colectivos que han contribuido de manera significativa al fortalecimiento de los derechos y la visibilidad de las poblaciones LGBTIQ+.<\/p>\n\n\n\n<p>En su mensaje, la secretaria de Cultura, Karen Villeda, manifest\u00f3 su reconocimiento al trabajo de quienes han abierto un camino de inclusi\u00f3n desde el arte, el activismo y la cultura. &#8220;Celebrar la diversidad es tambi\u00e9n reconocer las voces que han transformado realidades. Desde la Secretar\u00eda de Cultura, trabajamos para que Tlaxcala sea un espacio donde todas las identidades sean visibles, escuchadas y respetadas&#8221;, se\u00f1al\u00f3.<\/p>\n\n\n\n<p>En su intervenci\u00f3n, Adil Aranzuvia, responsable de la Oficina de Atenci\u00f3n a la Diversidad Sexual, destac\u00f3 que esta semana es una afirmaci\u00f3n de existencia y resistencia y las culturas disidentes tambi\u00e9n construyen Tlaxcala y merecen espacios seguros, dignos y visibles desde lo institucional y lo comunitario.<\/p>\n\n\n\n<p>\u201cNuestro trabajo es constante y colectivo, y esta semana es solo una muestra del compromiso que tenemos con las poblaciones hist\u00f3ricamente marginadas\u201d, afirm\u00f3.<\/p>\n\n\n\n<p>La Semana Cultural Tlaxcala Diversa 2025, se desarrolla del 2 al 9 de junio, e incluye diversas actividades gratuitas como talleres, conversatorios, exposiciones, cine debate, presentaciones esc\u00e9nicas y actividades familiares.<\/p>\n\n\n\n<p>Esta iniciativa es posible gracias al trabajo coordinado entre instituciones p\u00fablicas, colectivos de la sociedad civil y agentes culturales que creen en la cultura como herramienta de transformaci\u00f3n.<\/p>\n\n\n\n<p>La ceremonia inaugural cont\u00f3 con la participaci\u00f3n especial de Isis Cant\u00fa y Herman Z\u00e1rate, quienes ofrecieron mensajes de aliento, resistencia y celebraci\u00f3n para la comunidad.<\/p>\n\n\n\n<p>Para consultar la programaci\u00f3n completa, les interesades pueden seguir las redes oficiales de la Secretar\u00eda de Cultura del Estado de Tlaxcala.<\/p>\n\n\n\n<p>De esta manera, el Gobierno del Estado y las instituciones participantes reafirman el compromiso con la construcci\u00f3n de una sociedad m\u00e1s justa, incluyente y libre de discriminaci\u00f3n.<\/p>\n","protected":false},"excerpt":{"rendered":"<p>*Se entregaron las preseas LGBTIQ+ a destacadas personalidades por su labor en favor de la diversidad y los derechos humanos La Secretar\u00eda de Cultura inaugur\u00f3 la Semana Cultural Tlaxcala Diversa 2025, bajo el lema #NoM\u00e1sDiscursosDeOdio este espacio est\u00e1 dise\u00f1ado y dedicado a la promoci\u00f3n del arte, la inclusi\u00f3n y el respeto a la diversidad sexual. [&hellip;]<\/p>\n","protected":false},"author":4,"featured_media":96056,"comment_status":"open","ping_status":"open","sticky":false,"template":"","format":"standard","meta":{"om_disable_all_campaigns":false,"_monsterinsights_skip_tracking":false,"_monsterinsights_sitenote_active":false,"_monsterinsights_sitenote_note":"","_monsterinsights_sitenote_category":0,"jnews-multi-image_gallery":[],"jnews_single_post":{"format":"standard"},"jnews_primary_category":[],"footnotes":""},"categories":[1],"tags":[],"class_list":["post-96055","post","type-post","status-publish","format-standard","has-post-thumbnail","hentry","category-uncategorized"],"aioseo_notices":[],"_links":{"self":[{"href":"https:\/\/estado29.mx\/index.php?rest_route=\/wp\/v2\/posts\/96055","targetHints":{"allow":["GET"]}}],"collection":[{"href":"https:\/\/estado29.mx\/index.php?rest_route=\/wp\/v2\/posts"}],"about":[{"href":"https:\/\/estado29.mx\/index.php?rest_route=\/wp\/v2\/types\/post"}],"author":[{"embeddable":true,"href":"https:\/\/estado29.mx\/index.php?rest_route=\/wp\/v2\/users\/4"}],"replies":[{"embeddable":true,"href":"https:\/\/estado29.mx\/index.php?rest_route=%2Fwp%2Fv2%2Fcomments&post=96055"}],"version-history":[{"count":1,"href":"https:\/\/estado29.mx\/index.php?rest_route=\/wp\/v2\/posts\/96055\/revisions"}],"predecessor-version":[{"id":96057,"href":"https:\/\/estado29.mx\/index.php?rest_route=\/wp\/v2\/posts\/96055\/revisions\/96057"}],"wp:featuredmedia":[{"embeddable":true,"href":"https:\/\/estado29.mx\/index.php?rest_route=\/wp\/v2\/media\/96056"}],"wp:attachment":[{"href":"https:\/\/estado29.mx\/index.php?rest_route=%2Fwp%2Fv2%2Fmedia&parent=96055"}],"wp:term":[{"taxonomy":"category","embeddable":true,"href":"https:\/\/estado29.mx\/index.php?rest_route=%2Fwp%2Fv2%2Fcategories&post=96055"},{"taxonomy":"post_tag","embeddable":true,"href":"https:\/\/estado29.mx\/index.php?rest_route=%2Fwp%2Fv2%2Ftags&post=96055"}],"curies":[{"name":"wp","href":"https:\/\/api.w.org\/{rel}","templated":true}]}}