{"id":96064,"date":"2025-06-17T03:18:29","date_gmt":"2025-06-17T03:18:29","guid":{"rendered":"https:\/\/estado29.mx\/?p=96064"},"modified":"2025-06-17T03:18:29","modified_gmt":"2025-06-17T03:18:29","slug":"el-presidente-alfonso-sanchez-recorrio-calles-de-san-gabriel-cuauhtla-para-atender-de-cerca-las-necesidades-ciudadanas","status":"publish","type":"post","link":"https:\/\/estado29.mx\/?p=96064","title":{"rendered":"El Presidente Alfonso S\u00e1nchez recorri\u00f3 calles de San Gabriel Cuauhtla para atender de cerca las necesidades ciudadanas"},"content":{"rendered":"<figure class=\"wp-block-post-featured-image\"><img loading=\"lazy\" decoding=\"async\" width=\"1600\" height=\"1066\" src=\"https:\/\/estado29.mx\/wp-content\/uploads\/2025\/06\/WhatsApp-Image-2025-06-03-at-9.43.09-PM-1.jpeg\" class=\"attachment-post-thumbnail size-post-thumbnail wp-post-image\" alt=\"\" style=\"object-fit:cover;\" srcset=\"https:\/\/estado29.mx\/wp-content\/uploads\/2025\/06\/WhatsApp-Image-2025-06-03-at-9.43.09-PM-1.jpeg 1600w, https:\/\/estado29.mx\/wp-content\/uploads\/2025\/06\/WhatsApp-Image-2025-06-03-at-9.43.09-PM-1-300x200.jpeg 300w, https:\/\/estado29.mx\/wp-content\/uploads\/2025\/06\/WhatsApp-Image-2025-06-03-at-9.43.09-PM-1-1024x682.jpeg 1024w, https:\/\/estado29.mx\/wp-content\/uploads\/2025\/06\/WhatsApp-Image-2025-06-03-at-9.43.09-PM-1-768x512.jpeg 768w, https:\/\/estado29.mx\/wp-content\/uploads\/2025\/06\/WhatsApp-Image-2025-06-03-at-9.43.09-PM-1-1536x1023.jpeg 1536w, https:\/\/estado29.mx\/wp-content\/uploads\/2025\/06\/WhatsApp-Image-2025-06-03-at-9.43.09-PM-1-750x500.jpeg 750w, https:\/\/estado29.mx\/wp-content\/uploads\/2025\/06\/WhatsApp-Image-2025-06-03-at-9.43.09-PM-1-1140x760.jpeg 1140w\" sizes=\"auto, (max-width: 1600px) 100vw, 1600px\" \/><\/figure>\n\n\n<p>Con el objetivo de escuchar directamente a los vecinos y atender las necesidades m\u00e1s apremiantes de la poblaci\u00f3n, el Presidente Municipal de Tlaxcala, Alfonso S\u00e1nchez Garc\u00eda, recorri\u00f3 las calles Justo Sierra y Del Canal, en la comunidad de San Gabriel Cuauhtla acompa\u00f1ado del Presidente de esta comunidad, Juli\u00e1n Plata Chamorro, y los directores de Servicios P\u00fablicos y de Obras P\u00fablicas, Marco Valencia e Iram Papaqui, respectivamente.<\/p>\n\n\n\n<p>Durante este recorrido, el alcalde dialog\u00f3 con habitantes de la zona, quienes compartieron problem\u00e1ticas relacionadas con la falta de alumbrado p\u00fablico, tramos inconclusos del sistema de drenaje y el deterioro del pavimento, especialmente en la Calle Justo Sierra, una de las principales v\u00edas de comunicaci\u00f3n de esta comunidad.<\/p>\n\n\n\n<p>\u201cEstamos aqu\u00ed para ver con nuestros propios ojos lo que se necesita, y comenzar a trabajar en las soluciones. Sabemos que estas calles requieren intervenci\u00f3n urgente, y vamos a dar los primeros pasos con estudios t\u00e9cnicos para estimar los recursos que se requieren\u201d, explic\u00f3 el presidente municipal.<\/p>\n\n\n\n<p>En respuesta a la demanda ciudadana, se anunci\u00f3 que ya se contempla una ampliaci\u00f3n del sistema de luminarias, con lo cual se mejorar\u00e1 la seguridad y visibilidad en varios puntos cr\u00edticos de la zona. Esta acci\u00f3n beneficiar\u00e1 a una parte importante de los m\u00e1s de 10 mil habitantes de San Gabriel Cuauhtla.<\/p>\n\n\n\n<p>El alcalde refrend\u00f3 su compromiso de mantener una administraci\u00f3n cercana, honesta y resolutiva. \u201cCaminar por las calles junto a la gente no es solo un acto simb\u00f3lico, es la manera m\u00e1s directa de gobernar con sentido humano\u201d, expres\u00f3.<\/p>\n\n\n\n<p>Los vecinos agradecieron la disposici\u00f3n del presidente municipal para recorrer las calles, escuchar a la comunidad y vivir de cerca las necesidades que enfrentan diariamente, se\u00f1alando que quedar\u00e1n a la espera de respuestas concretas en un mediano plazo.<\/p>\n","protected":false},"excerpt":{"rendered":"<p>Con el objetivo de escuchar directamente a los vecinos y atender las necesidades m\u00e1s apremiantes de la poblaci\u00f3n, el Presidente Municipal de Tlaxcala, Alfonso S\u00e1nchez Garc\u00eda, recorri\u00f3 las calles Justo Sierra y Del Canal, en la comunidad de San Gabriel Cuauhtla acompa\u00f1ado del Presidente de esta comunidad, Juli\u00e1n Plata Chamorro, y los directores de Servicios [&hellip;]<\/p>\n","protected":false},"author":4,"featured_media":96065,"comment_status":"open","ping_status":"open","sticky":false,"template":"","format":"standard","meta":{"om_disable_all_campaigns":false,"_monsterinsights_skip_tracking":false,"_monsterinsights_sitenote_active":false,"_monsterinsights_sitenote_note":"","_monsterinsights_sitenote_category":0,"jnews-multi-image_gallery":[],"jnews_single_post":{"format":"standard"},"jnews_primary_category":[],"footnotes":""},"categories":[1],"tags":[],"class_list":["post-96064","post","type-post","status-publish","format-standard","has-post-thumbnail","hentry","category-uncategorized"],"aioseo_notices":[],"_links":{"self":[{"href":"https:\/\/estado29.mx\/index.php?rest_route=\/wp\/v2\/posts\/96064","targetHints":{"allow":["GET"]}}],"collection":[{"href":"https:\/\/estado29.mx\/index.php?rest_route=\/wp\/v2\/posts"}],"about":[{"href":"https:\/\/estado29.mx\/index.php?rest_route=\/wp\/v2\/types\/post"}],"author":[{"embeddable":true,"href":"https:\/\/estado29.mx\/index.php?rest_route=\/wp\/v2\/users\/4"}],"replies":[{"embeddable":true,"href":"https:\/\/estado29.mx\/index.php?rest_route=%2Fwp%2Fv2%2Fcomments&post=96064"}],"version-history":[{"count":1,"href":"https:\/\/estado29.mx\/index.php?rest_route=\/wp\/v2\/posts\/96064\/revisions"}],"predecessor-version":[{"id":96066,"href":"https:\/\/estado29.mx\/index.php?rest_route=\/wp\/v2\/posts\/96064\/revisions\/96066"}],"wp:featuredmedia":[{"embeddable":true,"href":"https:\/\/estado29.mx\/index.php?rest_route=\/wp\/v2\/media\/96065"}],"wp:attachment":[{"href":"https:\/\/estado29.mx\/index.php?rest_route=%2Fwp%2Fv2%2Fmedia&parent=96064"}],"wp:term":[{"taxonomy":"category","embeddable":true,"href":"https:\/\/estado29.mx\/index.php?rest_route=%2Fwp%2Fv2%2Fcategories&post=96064"},{"taxonomy":"post_tag","embeddable":true,"href":"https:\/\/estado29.mx\/index.php?rest_route=%2Fwp%2Fv2%2Ftags&post=96064"}],"curies":[{"name":"wp","href":"https:\/\/api.w.org\/{rel}","templated":true}]}}