{"id":96087,"date":"2025-06-17T03:18:29","date_gmt":"2025-06-17T03:18:29","guid":{"rendered":"https:\/\/estado29.mx\/?p=96087"},"modified":"2025-06-17T03:18:29","modified_gmt":"2025-06-17T03:18:29","slug":"estudiantes-de-quimica-clinica-uatx-presentan-productos-del-area-de-la-salud-en-feria-del-emprendimiento-en-xalapa-2","status":"publish","type":"post","link":"https:\/\/estado29.mx\/?p=96087","title":{"rendered":"Estudiantes de Qu\u00edmica Cl\u00ednica UATx presentan productos del \u00e1rea de la salud en Feria del Emprendimiento en Xalapa"},"content":{"rendered":"<figure class=\"wp-block-post-featured-image\"><img loading=\"lazy\" decoding=\"async\" width=\"720\" height=\"477\" src=\"https:\/\/estado29.mx\/wp-content\/uploads\/2025\/06\/02-Estudiantes-de-Quimica-Clinica-UATx-presentan-productos-del-area-de-la-salud-en-Feria-del-Emprendimiento-en-Xalapa-3.jpg\" class=\"attachment-post-thumbnail size-post-thumbnail wp-post-image\" alt=\"\" style=\"object-fit:cover;\" srcset=\"https:\/\/estado29.mx\/wp-content\/uploads\/2025\/06\/02-Estudiantes-de-Quimica-Clinica-UATx-presentan-productos-del-area-de-la-salud-en-Feria-del-Emprendimiento-en-Xalapa-3.jpg 720w, https:\/\/estado29.mx\/wp-content\/uploads\/2025\/06\/02-Estudiantes-de-Quimica-Clinica-UATx-presentan-productos-del-area-de-la-salud-en-Feria-del-Emprendimiento-en-Xalapa-3-300x199.jpg 300w\" sizes=\"auto, (max-width: 720px) 100vw, 720px\" \/><\/figure>\n\n\n<p><\/p>\n\n\n\n<p>Estudiantes de la Licenciatura en Qu\u00edmica Cl\u00ednica de la Facultad de Ciencias de la Salud, de la Universidad Aut\u00f3noma de Tlaxcala (UATx), participaron en la \u201cFeria de Emprendimiento Primavera 2025\u201d, con sede en la Unidad de Ciencias de la Salud, campus Xalapa, de la Universidad Veracruzana (UV), presentando 11 productos del \u00e1rea de la salud.<\/p>\n\n\n\n<p>Esta actividad se desarroll\u00f3 por iniciativa de la Coordinaci\u00f3n de Qu\u00edmica Cl\u00ednica y la docente a cargo de la Unidad de Aprendizaje de Emprendimiento, el pasado 22 de mayo, potenciando los lazos de colaboraci\u00f3n entre la Coordinaci\u00f3n de Enlace Internacional, Vinculaci\u00f3n e Intercambio Acad\u00e9mico de la UATx, que dirige el Maestro Antonio Durante Murillo, y la Coordinaci\u00f3n de Movilidad Estudiantil y Acad\u00e9mica de la UV, en beneficio de docentes y estudiantes involucrados en el \u00e1mbito del emprendimiento.<\/p>\n\n\n\n<p>De esta forma, organizados por equipos, 31 estudiantes de Qu\u00edmica Cl\u00ednica de esta alma mater mostraron 11 productos relacionados con el \u00e1mbito sanitario, los cuales son resultado de la actividad que realizaron en la Unidad de Aprendizaje de Emprendimiento del periodo primavera 2025. A trav\u00e9s de un cartel, los educandos efectuaron una exposici\u00f3n para hablar del nombre de su empresa, el plan de negocios, desarrollo del prototipo del producto y la venta del mismo.<\/p>\n\n\n\n<p>La \u201cFeria de Emprendimiento Primavera 2025\u201d fue el foro id\u00f3neo para el intercambio de ideas, conocimientos y saberes entre pares, sobre sus \u00e1reas de especialidad y tambi\u00e9n la retroalimentaci\u00f3n, lo cual contribuy\u00f3 para fortalecer su formaci\u00f3n profesional.<\/p>\n","protected":false},"excerpt":{"rendered":"<p>Estudiantes de la Licenciatura en Qu\u00edmica Cl\u00ednica de la Facultad de Ciencias de la Salud, de la Universidad Aut\u00f3noma de Tlaxcala (UATx), participaron en la \u201cFeria de Emprendimiento Primavera 2025\u201d, con sede en la Unidad de Ciencias de la Salud, campus Xalapa, de la Universidad Veracruzana (UV), presentando 11 productos del \u00e1rea de la salud. [&hellip;]<\/p>\n","protected":false},"author":9,"featured_media":96088,"comment_status":"open","ping_status":"open","sticky":false,"template":"","format":"standard","meta":{"om_disable_all_campaigns":false,"_monsterinsights_skip_tracking":false,"_monsterinsights_sitenote_active":false,"_monsterinsights_sitenote_note":"","_monsterinsights_sitenote_category":0,"jnews-multi-image_gallery":[],"jnews_single_post":{"format":"standard"},"jnews_primary_category":[],"footnotes":""},"categories":[1],"tags":[],"class_list":["post-96087","post","type-post","status-publish","format-standard","has-post-thumbnail","hentry","category-uncategorized"],"aioseo_notices":[],"_links":{"self":[{"href":"https:\/\/estado29.mx\/index.php?rest_route=\/wp\/v2\/posts\/96087","targetHints":{"allow":["GET"]}}],"collection":[{"href":"https:\/\/estado29.mx\/index.php?rest_route=\/wp\/v2\/posts"}],"about":[{"href":"https:\/\/estado29.mx\/index.php?rest_route=\/wp\/v2\/types\/post"}],"author":[{"embeddable":true,"href":"https:\/\/estado29.mx\/index.php?rest_route=\/wp\/v2\/users\/9"}],"replies":[{"embeddable":true,"href":"https:\/\/estado29.mx\/index.php?rest_route=%2Fwp%2Fv2%2Fcomments&post=96087"}],"version-history":[{"count":1,"href":"https:\/\/estado29.mx\/index.php?rest_route=\/wp\/v2\/posts\/96087\/revisions"}],"predecessor-version":[{"id":96089,"href":"https:\/\/estado29.mx\/index.php?rest_route=\/wp\/v2\/posts\/96087\/revisions\/96089"}],"wp:featuredmedia":[{"embeddable":true,"href":"https:\/\/estado29.mx\/index.php?rest_route=\/wp\/v2\/media\/96088"}],"wp:attachment":[{"href":"https:\/\/estado29.mx\/index.php?rest_route=%2Fwp%2Fv2%2Fmedia&parent=96087"}],"wp:term":[{"taxonomy":"category","embeddable":true,"href":"https:\/\/estado29.mx\/index.php?rest_route=%2Fwp%2Fv2%2Fcategories&post=96087"},{"taxonomy":"post_tag","embeddable":true,"href":"https:\/\/estado29.mx\/index.php?rest_route=%2Fwp%2Fv2%2Ftags&post=96087"}],"curies":[{"name":"wp","href":"https:\/\/api.w.org\/{rel}","templated":true}]}}