{"id":96090,"date":"2025-06-17T03:18:29","date_gmt":"2025-06-17T03:18:29","guid":{"rendered":"https:\/\/estado29.mx\/?p=96090"},"modified":"2025-06-17T03:18:29","modified_gmt":"2025-06-17T03:18:29","slug":"signan-convenio-de-colaboracion-uatx-y-sepe-para-atender-%f0%9d%90%8d%f0%9d%90%9e%f0%9d%90%9c%f0%9d%90%9e%f0%9d%90%ac%f0%9d%90%a2%f0%9d%90%9d%f0%9d%90%9a%f0%9d%90%9d%f0%9d%90%9e%f0%9d%90%ac","status":"publish","type":"post","link":"https:\/\/estado29.mx\/?p=96090","title":{"rendered":"Signan convenio de colaboraci\u00f3n UATx y SEPE para atender \ud835\udc0d\ud835\udc1e\ud835\udc1c\ud835\udc1e\ud835\udc2c\ud835\udc22\ud835\udc1d\ud835\udc1a\ud835\udc1d\ud835\udc1e\ud835\udc2c \ud835\udc04\ud835\udc1d\ud835\udc2e\ud835\udc1c\ud835\udc1a\ud835\udc2d\ud835\udc22\ud835\udc2f\ud835\udc1a\ud835\udc2c \ud835\udc04\ud835\udc2c\ud835\udc29\ud835\udc1e\ud835\udc1c\ud835\udc22\u0301\ud835\udc1f\ud835\udc22\ud835\udc1c\ud835\udc1a\ud835\udc2c \ud835\udc1e\ud835\udc27 \ud835\udc02\ud835\udc1a\ud835\udc2c\ud835\udc1a."},"content":{"rendered":"<figure class=\"wp-block-post-featured-image\"><img loading=\"lazy\" decoding=\"async\" width=\"540\" height=\"303\" src=\"https:\/\/estado29.mx\/wp-content\/uploads\/2025\/06\/12567_20250603173213.jpg\" class=\"attachment-post-thumbnail size-post-thumbnail wp-post-image\" alt=\"\" style=\"object-fit:cover;\" srcset=\"https:\/\/estado29.mx\/wp-content\/uploads\/2025\/06\/12567_20250603173213.jpg 540w, https:\/\/estado29.mx\/wp-content\/uploads\/2025\/06\/12567_20250603173213-300x168.jpg 300w\" sizes=\"auto, (max-width: 540px) 100vw, 540px\" \/><\/figure>\n\n\n<p>La Universidad Aut\u00f3noma de Tlaxcala y la Secretaria de Educaci\u00f3n Publica del Estado de Tlaxcala suscribieron un convenio de colaboraci\u00f3n que permitir\u00e1 a 50 estudiantes de la Licenciatura en Educaci\u00f3n Especial de la Facultad de Ciencias para el Desarrollo Humano incorporarse al programa \ud835\udc00\ud835\udc2d\ud835\udc1e\ud835\udc27\ud835\udc1c\ud835\udc22\ud835\udc28\u0301\ud835\udc27 \ud835\udc1a \ud835\udc0d\ud835\udc1e\ud835\udc1c\ud835\udc1e\ud835\udc2c\ud835\udc22\ud835\udc1d\ud835\udc1a\ud835\udc1d\ud835\udc1e\ud835\udc2c \ud835\udc04\ud835\udc1d\ud835\udc2e\ud835\udc1c\ud835\udc1a\ud835\udc2d\ud835\udc22\ud835\udc2f\ud835\udc1a\ud835\udc2c \ud835\udc04\ud835\udc2c\ud835\udc29\ud835\udc1e\ud835\udc1c\ud835\udc22\u0301\ud835\udc1f\ud835\udc22\ud835\udc1c\ud835\udc1a\ud835\udc2c \ud835\udc1e\ud835\udc27 \ud835\udc02\ud835\udc1a\ud835\udc2c\ud835\udc1a para beneficio de 218 personas de entre 3 y 25 a\u00f1os de edad.<\/p>\n\n\n\n<p>Este convenio tiene como prop\u00f3sito brindar atenci\u00f3n integral a domicilio a ni\u00f1as, ni\u00f1os, adolescentes y j\u00f3venes con necesidades educativas espec\u00edficas, alguna discapacidad o en situaci\u00f3n de vulnerabilidad que les impida asistir a una instituci\u00f3n escolar, en este sentido, la Dra. Margarita Mart\u00ednez G\u00f3mez, Secretaria de Investigaci\u00f3n Cient\u00edfica y Posgrado quien acudi\u00f3 con la representaci\u00f3n del Dr. Seraf\u00edn Ortiz Ortiz, Rector de la UATx , se\u00f1alo lo siguiente.<\/p>\n\n\n\n<p>Insert Margarita Mart\u00ednez<\/p>\n\n\n\n<p>Por su parte el Dr. Homero Meneses Hern\u00e1ndez, Secretario de Educaci\u00f3n P\u00fablica del Estado, indico que<\/p>\n\n\n\n<p>mediante esta alianza estrat\u00e9gica, se busca eliminar las barreras que dificultan el aprendizaje y la participaci\u00f3n, fortaleciendo su autonom\u00eda personal y promoviendo su inclusi\u00f3n plena en la sociedad.<\/p>\n\n\n\n<p>Insert Homero M<\/p>\n\n\n\n<p>En ese sentido el Dr. Josue Camacho Candia, Director de la Facultad de Ciencias para el Desarrollo Humano, subrayo que este convenio tiene el compromiso de atender las necesidades educativas de personas con discapacidad o alteraciones del neurodesarrollo, considerando barreras econ\u00f3micas, geogr\u00e1ficas y sociales, mejorando su acceso a la educaci\u00f3n.<\/p>\n\n\n\n<p>Insert Josu\u00e9 Camacho<\/p>\n\n\n\n<p>La firma de este convenio realizada en el Auditorio Anexo a Rector\u00eda, destaca por el fortalecimiento de la pluralidad y la inclusi\u00f3n, ofreciendo un servicio a la sociedad, as\u00ed como una experiencia pr\u00e1ctica para estudiantes y egresados que participan en este programa.<\/p>\n","protected":false},"excerpt":{"rendered":"<p>La Universidad Aut\u00f3noma de Tlaxcala y la Secretaria de Educaci\u00f3n Publica del Estado de Tlaxcala suscribieron un convenio de colaboraci\u00f3n que permitir\u00e1 a 50 estudiantes de la Licenciatura en Educaci\u00f3n Especial de la Facultad de Ciencias para el Desarrollo Humano incorporarse al programa \ud835\udc00\ud835\udc2d\ud835\udc1e\ud835\udc27\ud835\udc1c\ud835\udc22\ud835\udc28\u0301\ud835\udc27 \ud835\udc1a \ud835\udc0d\ud835\udc1e\ud835\udc1c\ud835\udc1e\ud835\udc2c\ud835\udc22\ud835\udc1d\ud835\udc1a\ud835\udc1d\ud835\udc1e\ud835\udc2c \ud835\udc04\ud835\udc1d\ud835\udc2e\ud835\udc1c\ud835\udc1a\ud835\udc2d\ud835\udc22\ud835\udc2f\ud835\udc1a\ud835\udc2c \ud835\udc04\ud835\udc2c\ud835\udc29\ud835\udc1e\ud835\udc1c\ud835\udc22\u0301\ud835\udc1f\ud835\udc22\ud835\udc1c\ud835\udc1a\ud835\udc2c \ud835\udc1e\ud835\udc27 \ud835\udc02\ud835\udc1a\ud835\udc2c\ud835\udc1a para beneficio de 218 personas [&hellip;]<\/p>\n","protected":false},"author":9,"featured_media":96091,"comment_status":"open","ping_status":"open","sticky":false,"template":"","format":"standard","meta":{"om_disable_all_campaigns":false,"_monsterinsights_skip_tracking":false,"_monsterinsights_sitenote_active":false,"_monsterinsights_sitenote_note":"","_monsterinsights_sitenote_category":0,"jnews-multi-image_gallery":[],"jnews_single_post":{"format":"standard"},"jnews_primary_category":[],"footnotes":""},"categories":[1],"tags":[],"class_list":["post-96090","post","type-post","status-publish","format-standard","has-post-thumbnail","hentry","category-uncategorized"],"aioseo_notices":[],"_links":{"self":[{"href":"https:\/\/estado29.mx\/index.php?rest_route=\/wp\/v2\/posts\/96090","targetHints":{"allow":["GET"]}}],"collection":[{"href":"https:\/\/estado29.mx\/index.php?rest_route=\/wp\/v2\/posts"}],"about":[{"href":"https:\/\/estado29.mx\/index.php?rest_route=\/wp\/v2\/types\/post"}],"author":[{"embeddable":true,"href":"https:\/\/estado29.mx\/index.php?rest_route=\/wp\/v2\/users\/9"}],"replies":[{"embeddable":true,"href":"https:\/\/estado29.mx\/index.php?rest_route=%2Fwp%2Fv2%2Fcomments&post=96090"}],"version-history":[{"count":1,"href":"https:\/\/estado29.mx\/index.php?rest_route=\/wp\/v2\/posts\/96090\/revisions"}],"predecessor-version":[{"id":96092,"href":"https:\/\/estado29.mx\/index.php?rest_route=\/wp\/v2\/posts\/96090\/revisions\/96092"}],"wp:featuredmedia":[{"embeddable":true,"href":"https:\/\/estado29.mx\/index.php?rest_route=\/wp\/v2\/media\/96091"}],"wp:attachment":[{"href":"https:\/\/estado29.mx\/index.php?rest_route=%2Fwp%2Fv2%2Fmedia&parent=96090"}],"wp:term":[{"taxonomy":"category","embeddable":true,"href":"https:\/\/estado29.mx\/index.php?rest_route=%2Fwp%2Fv2%2Fcategories&post=96090"},{"taxonomy":"post_tag","embeddable":true,"href":"https:\/\/estado29.mx\/index.php?rest_route=%2Fwp%2Fv2%2Ftags&post=96090"}],"curies":[{"name":"wp","href":"https:\/\/api.w.org\/{rel}","templated":true}]}}