{"id":96096,"date":"2025-06-17T04:12:17","date_gmt":"2025-06-17T04:12:17","guid":{"rendered":"https:\/\/estado29.mx\/?p=96096"},"modified":"2025-06-17T04:12:17","modified_gmt":"2025-06-17T04:12:17","slug":"__trashed-5","status":"publish","type":"post","link":"https:\/\/estado29.mx\/?p=96096","title":{"rendered":"UATx abre la discusi\u00f3n a temas que impactan en la crisis civilizatoria"},"content":{"rendered":"\n\n\n<p>\u00fc Observatorio Universitario organiz\u00f3 el conversatorio \u201cCrisis Civilizatoria: miradas de la violencia social actual\u201d<\/p>\n\n\n\n<p>La violencia en sus m\u00faltiples expresiones fue el eje central del conversatorio \u201cCrisis Civilizatoria: miradas de la violencia social actual\u201d, convocado por el Observatorio Universitario y la Facultad de Derecho, Ciencias Pol\u00edticas y Criminolog\u00eda de la Universidad Aut\u00f3noma de Tlaxcala (UATx), encuentro que propici\u00f3 un espacio de an\u00e1lisis sobre fen\u00f3menos como la violencia delincuencial, los linchamientos, las nuevas formas de violencia digital y otras conductas que afectan profundamente al tejido social.<\/p>\n\n\n\n<p>Ante la comunidad estudiantil y docente reunida en el Auditorio Interactivo \u201cManuel de Lardiz\u00e1bal y Uribe\u201d, el Maestro Roberto Carlos cruz Becerril, Secretario T\u00e9cnico, en representaci\u00f3n del Doctor Seraf\u00edn Ortiz Ortiz, Rector de la UATx, sostuvo que esta Casa de Estudios sostiene su compromiso de abordar y analizar los temas de actualidad y que impactan en la agenda nacional e internacional, por ello, desde el enfoque de sus investigadores, cient\u00edficos, activistas y expertos acad\u00e9micos han identificado a la crisis civilizatoria como un problema complejo que requiere de soluciones sist\u00e9micas que incluya a la democracia directa y participativa, as\u00ed como la transici\u00f3n a modelos alternativos y la promoci\u00f3n de una educaci\u00f3n ambiental y la cultura de paz.<\/p>\n\n\n\n<p>Por su parte, el Doctor Ren\u00e9 Elizalde Salazar, Presidente del Observatorio Universitario, indic\u00f3 que este tipo de foros implica un posicionamiento acerca de fen\u00f3menos como la violencia social que transgrede la paz de la colectividad y que, bajo la perspectiva de diferentes disciplinas, permitir\u00e1 conocer este proceso de erosi\u00f3n de las instituciones. Afirm\u00f3 que la UATx trabaja para impulsar procesos civilizatorios y culturizadores en la formaci\u00f3n de los educandos que ser\u00e1n evidentes en su interacci\u00f3n con la sociedad.<\/p>\n\n\n\n<p>En tanto, el Maestro Dante Morales Cruz, Director de la Facultad de Derecho, Ciencias Pol\u00edticas y Criminolog\u00eda, subray\u00f3 que ante el inminente incremento de la violencia social, la desatenci\u00f3n de las autoridades e instituciones y del estado constitucional de derecho que se vive a nivel local y global, es pertinente el an\u00e1lisis de problem\u00e1ticas y brindar a los estudiantes un panorama amplio de la realidad social.<\/p>\n\n\n\n<p>Al momento de desarrollarse el conversatorio \u201cCrisis Civilizatoria: miradas de la violencia social actual\u201d, el cual fue moderado por el Maestro Jos\u00e9 David Cabrera Canales, Coordinador Institucional de Informaci\u00f3n y Transparencia, la Doctora Margarita Mart\u00ednez G\u00f3mez, Secretaria de Investigaci\u00f3n Cient\u00edfica y Posgrado, puntualiz\u00f3 que la conducta violenta tiene sus ra\u00edces en la forma en que el cerebro trabaja y va m\u00e1s all\u00e1 del dilema entre la crianza y lo biol\u00f3gico y gen\u00e9tico. Agreg\u00f3 que la biolog\u00eda nos<\/p>\n\n\n\n<p>indica que nacimos vulnerables, de ah\u00ed la importancia de la infancia temprana y la adolescencia, pues ambas etapas deben ser atendidas por especialistas.<\/p>\n\n\n\n<p>En su participaci\u00f3n, el Doctor Ra\u00fal Rodr\u00edguez Guill\u00e9n, profesor e investigador UAM-UATx, y la Maestra Nancy Concepci\u00f3n Guzm\u00e1n Xicohtencatl, Coordinadora de la Licenciatura en Criminolog\u00eda de la UATx, coincidieron en mencionar que el linchamiento es un fen\u00f3meno reciente que no solo se considera como un acto de violencia colectiva, tambi\u00e9n es un s\u00edntoma de crisis civilizatoria que pone en evidencia la fragilidad del tejido social, dado que los estados en donde se tiene una mayor presencia de este tipo de flagelos son Puebla, el Estado de M\u00e9xico, Hidalgo, Tlaxcala y la Ciudad de M\u00e9xico, los cuales son originados por un bono, tentativa de secuestro, un incidente vial, un rumor y un chisme, hecho que recurrentemente se presenta en hombres j\u00f3venes.<\/p>\n\n\n\n<p>Finalmente, Luis Gustavo Parra Noriega, Comisionado del Instituto de Transparencia, Acceso a la informaci\u00f3n P\u00fablica y protecci\u00f3n de Datos Personales del Estado de M\u00e9xico y Municipios (INFOEM), expuso que en la actualidad se calcula que M\u00e9xico tiene un promedio de 107 millones de internautas, hecho que refleja que 83 por ciento de la poblaci\u00f3n tiene acceso a las diferentes redes sociales, recobrando importancia el uso de los datos personales.<\/p>\n","protected":false},"excerpt":{"rendered":"<p>\u00fc Observatorio Universitario organiz\u00f3 el conversatorio \u201cCrisis Civilizatoria: miradas de la violencia social actual\u201d La violencia en sus m\u00faltiples expresiones fue el eje central del conversatorio \u201cCrisis Civilizatoria: miradas de la violencia social actual\u201d, convocado por el Observatorio Universitario y la Facultad de Derecho, Ciencias Pol\u00edticas y Criminolog\u00eda de la Universidad Aut\u00f3noma de Tlaxcala (UATx), [&hellip;]<\/p>\n","protected":false},"author":9,"featured_media":0,"comment_status":"open","ping_status":"open","sticky":false,"template":"","format":"standard","meta":{"om_disable_all_campaigns":false,"_monsterinsights_skip_tracking":false,"_monsterinsights_sitenote_active":false,"_monsterinsights_sitenote_note":"","_monsterinsights_sitenote_category":0,"jnews-multi-image_gallery":[],"jnews_single_post":[],"jnews_primary_category":[],"footnotes":""},"categories":[1],"tags":[],"class_list":["post-96096","post","type-post","status-publish","format-standard","hentry","category-uncategorized"],"aioseo_notices":[],"_links":{"self":[{"href":"https:\/\/estado29.mx\/index.php?rest_route=\/wp\/v2\/posts\/96096","targetHints":{"allow":["GET"]}}],"collection":[{"href":"https:\/\/estado29.mx\/index.php?rest_route=\/wp\/v2\/posts"}],"about":[{"href":"https:\/\/estado29.mx\/index.php?rest_route=\/wp\/v2\/types\/post"}],"author":[{"embeddable":true,"href":"https:\/\/estado29.mx\/index.php?rest_route=\/wp\/v2\/users\/9"}],"replies":[{"embeddable":true,"href":"https:\/\/estado29.mx\/index.php?rest_route=%2Fwp%2Fv2%2Fcomments&post=96096"}],"version-history":[{"count":1,"href":"https:\/\/estado29.mx\/index.php?rest_route=\/wp\/v2\/posts\/96096\/revisions"}],"predecessor-version":[{"id":96363,"href":"https:\/\/estado29.mx\/index.php?rest_route=\/wp\/v2\/posts\/96096\/revisions\/96363"}],"wp:attachment":[{"href":"https:\/\/estado29.mx\/index.php?rest_route=%2Fwp%2Fv2%2Fmedia&parent=96096"}],"wp:term":[{"taxonomy":"category","embeddable":true,"href":"https:\/\/estado29.mx\/index.php?rest_route=%2Fwp%2Fv2%2Fcategories&post=96096"},{"taxonomy":"post_tag","embeddable":true,"href":"https:\/\/estado29.mx\/index.php?rest_route=%2Fwp%2Fv2%2Ftags&post=96096"}],"curies":[{"name":"wp","href":"https:\/\/api.w.org\/{rel}","templated":true}]}}