{"id":96101,"date":"2025-06-17T03:18:29","date_gmt":"2025-06-17T03:18:29","guid":{"rendered":"https:\/\/estado29.mx\/?p=96101"},"modified":"2025-06-17T03:18:29","modified_gmt":"2025-06-17T03:18:29","slug":"exponen-estudiantes-de-la-uatx-proyectos-vinculados-a-la-resolucion-de-problematicas-sociales","status":"publish","type":"post","link":"https:\/\/estado29.mx\/?p=96101","title":{"rendered":"Exponen estudiantes de la UATx proyectos\u00a0vinculados a la resoluci\u00f3n de problem\u00e1ticas sociales"},"content":{"rendered":"<figure class=\"wp-block-post-featured-image\"><img loading=\"lazy\" decoding=\"async\" width=\"1280\" height=\"960\" src=\"https:\/\/estado29.mx\/wp-content\/uploads\/2025\/06\/WhatsApp-Image-2025-06-04-at-1.41.28-PM.jpeg\" class=\"attachment-post-thumbnail size-post-thumbnail wp-post-image\" alt=\"\" style=\"object-fit:cover;\" srcset=\"https:\/\/estado29.mx\/wp-content\/uploads\/2025\/06\/WhatsApp-Image-2025-06-04-at-1.41.28-PM.jpeg 1280w, https:\/\/estado29.mx\/wp-content\/uploads\/2025\/06\/WhatsApp-Image-2025-06-04-at-1.41.28-PM-300x225.jpeg 300w, https:\/\/estado29.mx\/wp-content\/uploads\/2025\/06\/WhatsApp-Image-2025-06-04-at-1.41.28-PM-1024x768.jpeg 1024w, https:\/\/estado29.mx\/wp-content\/uploads\/2025\/06\/WhatsApp-Image-2025-06-04-at-1.41.28-PM-768x576.jpeg 768w, https:\/\/estado29.mx\/wp-content\/uploads\/2025\/06\/WhatsApp-Image-2025-06-04-at-1.41.28-PM-750x563.jpeg 750w, https:\/\/estado29.mx\/wp-content\/uploads\/2025\/06\/WhatsApp-Image-2025-06-04-at-1.41.28-PM-1140x855.jpeg 1140w\" sizes=\"auto, (max-width: 1280px) 100vw, 1280px\" \/><\/figure>\n\n\n<ul class=\"wp-block-list\">\n<li>15 propuestas en el \u201cForo del Seminario de Integraci\u00f3n de la Praxis Profesional Primavera 2025\u201d<\/li>\n<\/ul>\n\n\n\n<p>Innovaci\u00f3n, creatividad, talento, conocimiento y recuperaci\u00f3n de los saberes locales, son algunas de las caracter\u00edsticas de los 15 proyectos que presentaron 73 estudiantes de los diferentes programas acad\u00e9micos de licenciatura de las facultades y unidades acad\u00e9micas multidisciplinarias campus Calpulalpan y campus San Pablo del Monte de la Universidad Aut\u00f3noma de Tlaxcala (UATx), en el <a>\u201cForo del Seminario de Integraci\u00f3n de la Praxis Profesional Primavera 2025\u201d, <\/a>los cuales fueron asesorados por 46 docentes.<\/p>\n\n\n\n<p>La &nbsp;Unidad Institucional de Profesionalizaci\u00f3n Docente de la Secretar\u00eda Acad\u00e9mica organiz\u00f3 la exposici\u00f3n en el Centro Cultural Universitario, ah\u00ed ante la comunidad estudiantil, docente y directiva de la Instituci\u00f3n, el Maestro Roberto Carlos Cruz Becerril, Secretario T\u00e9cnico, indic\u00f3 que el Modelo Humanista Integrador basado en Capacidades (MHIC) se posiciona &nbsp;como un paradigma a la vanguardia, acorde a las exigencias educativas y sociales actuales del pa\u00eds y una parte fundamental de su filosof\u00eda se centra en el Seminario de Integraci\u00f3n de la Praxis Profesional,&nbsp; el cual permite acercar&nbsp; los conocimientos de sus educandos para&nbsp; coadyuvar a&nbsp; la b\u00fasqueda de soluciones de las diferentes problem\u00e1ticas que enfrenta la sociedad.<\/p>\n\n\n\n<p>Indic\u00f3 que aspectos como la solidaridad, el humanismo y la universalidad son rasgos que caracterizan la formaci\u00f3n humanista que reciben los estudiantes en la UATx y que les permite transformar la realidad, dado que esta Casa de Estudios siempre impacta en el desarrollo y crecimiento de sus pueblos al impulsar los saberes de las ciencias, la tecnolog\u00eda y las humanidades.<\/p>\n\n\n\n<p>Por su parte,&nbsp; el Maestro Alejandro Palma Su\u00e1rez, Secretario Acad\u00e9mico, afirm\u00f3 que el&nbsp; Seminario de la Praxis Profesional es un puente vital entre la formaci\u00f3n acad\u00e9mica y el compromiso con la sociedad, porque es la experiencia directa donde los educandos descubren el verdadero sentido de su vocaci\u00f3n, toda vez que es una herramienta estrat\u00e9gica de articulaci\u00f3n entre el saber, el hacer y el ser. Recalc\u00f3 que cada pr\u00e1ctica que se efect\u00faa es una inversi\u00f3n en tiempo y esfuerzo con la ciudadan\u00eda y es un espejo que permite reflexionar acerca de la formaci\u00f3n que se brinda de acuerdo a la realidad, por ello, la UATx apuesta por fortalecer estos espacios como momentos especiales en la identidad profesional de los egresados.<\/p>\n\n\n\n<p>En tanto, Lilu Estephany Cundapi Jim\u00e9nez, estudiantes de la Licenciatura en Contadur\u00eda, con la representaci\u00f3n de sus hom\u00f3logos, manifest\u00f3 que esta experiencia formativa no es una materia m\u00e1s, sino es una herramienta que los reta, los conecta con la realidad y los impulsa a llevar el conocimiento aprendido en el aula a entornos reales en donde se encuentran los verdaderos desaf\u00edos. Reiter\u00f3 que la praxis profesional representa la oportunidad de descubrir su vocaci\u00f3n, conocer la complejidad del mundo profesional, descubrir sus capacidades para construir nuevos escenarios que permitan tener mejores condiciones sociales, econ\u00f3micas y culturales.<\/p>\n\n\n\n<p>Esta actividad se dise\u00f1\u00f3 en cuatro rondas en las que estudiantes de las diferentes licenciaturas que forman parte de las divisiones de Ciencias B\u00e1sicas, Ingenier\u00eda y Tecnolog\u00eda; Ciencias Biol\u00f3gicas, Ciencias y Humanidades, y Ciencias Econ\u00f3mico Administrativas, presentaron 15 proyectos que muestran los saberes adquiridos en las aulas y su aplicaci\u00f3n en las diferentes ramas del conocimiento.<\/p>\n\n\n\n<p>Los proyectos son: Optimizaci\u00f3n del proceso de saponificaci\u00f3n para la elaboraci\u00f3n de jabones de uso dom\u00e9stico a partir de aceite comestible usado, Dise\u00f1o y elaboraci\u00f3n de decorado en mobiliario para \u00e1rea l\u00fadica, Taller XpressARTE de vocablos n\u00e1huatl, Atenci\u00f3n de la salud bucal en grupos vulnerables.<\/p>\n\n\n\n<p>De igual forma, Intervenci\u00f3n para el cumplimiento de las buenas pr\u00e1cticas de higiene en un comedor escolar, Propuesta de restauraci\u00f3n en la Barranca La Martinica Tlaxco, Tlaxcala; Estrategia de Comunicaci\u00f3n para la paz que contribuya en la prevenci\u00f3n de la violencia escolar, Feria de Promoci\u00f3n de lenguas originarias, Funcionalidad y dependencia de las personas adultas mayores tlaxcaltecas.<\/p>\n\n\n\n<p>Tambi\u00e9n, Esferas Mickey, Sistema de costos para una peque\u00f1a empresa, Caso taller m\u00e1scaras de huehues Pedro Amador, Situaci\u00f3n de las personas privadas de su libertad en centros de reinserci\u00f3n social del estado de Tlaxcala, Percepci\u00f3n de las familias de Amaxac de Guerrero con un integrante que padece alguna enfermedad cr\u00f3nico degenerativa y Plataforma de seguridad denominada Xaltoapp.<\/p>\n","protected":false},"excerpt":{"rendered":"<p>Innovaci\u00f3n, creatividad, talento, conocimiento y recuperaci\u00f3n de los saberes locales, son algunas de las caracter\u00edsticas de los 15 proyectos que presentaron 73 estudiantes de los diferentes programas acad\u00e9micos de licenciatura de las facultades y unidades acad\u00e9micas multidisciplinarias campus Calpulalpan y campus San Pablo del Monte de la Universidad Aut\u00f3noma de Tlaxcala (UATx), en el \u201cForo [&hellip;]<\/p>\n","protected":false},"author":4,"featured_media":96102,"comment_status":"open","ping_status":"open","sticky":false,"template":"","format":"standard","meta":{"om_disable_all_campaigns":false,"_monsterinsights_skip_tracking":false,"_monsterinsights_sitenote_active":false,"_monsterinsights_sitenote_note":"","_monsterinsights_sitenote_category":0,"jnews-multi-image_gallery":[],"jnews_single_post":{"format":"standard"},"jnews_primary_category":[],"footnotes":""},"categories":[1],"tags":[],"class_list":["post-96101","post","type-post","status-publish","format-standard","has-post-thumbnail","hentry","category-uncategorized"],"aioseo_notices":[],"_links":{"self":[{"href":"https:\/\/estado29.mx\/index.php?rest_route=\/wp\/v2\/posts\/96101","targetHints":{"allow":["GET"]}}],"collection":[{"href":"https:\/\/estado29.mx\/index.php?rest_route=\/wp\/v2\/posts"}],"about":[{"href":"https:\/\/estado29.mx\/index.php?rest_route=\/wp\/v2\/types\/post"}],"author":[{"embeddable":true,"href":"https:\/\/estado29.mx\/index.php?rest_route=\/wp\/v2\/users\/4"}],"replies":[{"embeddable":true,"href":"https:\/\/estado29.mx\/index.php?rest_route=%2Fwp%2Fv2%2Fcomments&post=96101"}],"version-history":[{"count":1,"href":"https:\/\/estado29.mx\/index.php?rest_route=\/wp\/v2\/posts\/96101\/revisions"}],"predecessor-version":[{"id":96103,"href":"https:\/\/estado29.mx\/index.php?rest_route=\/wp\/v2\/posts\/96101\/revisions\/96103"}],"wp:featuredmedia":[{"embeddable":true,"href":"https:\/\/estado29.mx\/index.php?rest_route=\/wp\/v2\/media\/96102"}],"wp:attachment":[{"href":"https:\/\/estado29.mx\/index.php?rest_route=%2Fwp%2Fv2%2Fmedia&parent=96101"}],"wp:term":[{"taxonomy":"category","embeddable":true,"href":"https:\/\/estado29.mx\/index.php?rest_route=%2Fwp%2Fv2%2Fcategories&post=96101"},{"taxonomy":"post_tag","embeddable":true,"href":"https:\/\/estado29.mx\/index.php?rest_route=%2Fwp%2Fv2%2Ftags&post=96101"}],"curies":[{"name":"wp","href":"https:\/\/api.w.org\/{rel}","templated":true}]}}