{"id":96107,"date":"2025-06-17T03:18:48","date_gmt":"2025-06-17T03:18:48","guid":{"rendered":"https:\/\/estado29.mx\/?p=96107"},"modified":"2025-06-17T03:18:48","modified_gmt":"2025-06-17T03:18:48","slug":"a-las-nuevas-ministras-y-ministros-de-la-scjn-les-corresponde-dar-un-ejemplo-a-mexico-y-al-mundo-de-que-puede-haber-un-sistema-de-justicia-diferente-presidenta-claudia-sheinbaum","status":"publish","type":"post","link":"https:\/\/estado29.mx\/?p=96107","title":{"rendered":"A LAS NUEVAS MINISTRAS Y MINISTROS DE LA SCJN LES CORRESPONDE DAR UN EJEMPLO A M\u00c9XICO Y AL MUNDO DE QUE PUEDE HABER UN SISTEMA DE JUSTICIA DIFERENTE: PRESIDENTA CLAUDIA SHEINBAUM"},"content":{"rendered":"<figure class=\"wp-block-post-featured-image\"><img loading=\"lazy\" decoding=\"async\" width=\"2560\" height=\"1707\" src=\"https:\/\/estado29.mx\/wp-content\/uploads\/2025\/06\/Conferencia_de_prensa_de_la_presidenta_Claudia_Sheinbaum_Pardo.jpeg\" class=\"attachment-post-thumbnail size-post-thumbnail wp-post-image\" alt=\"\" style=\"object-fit:cover;\" srcset=\"https:\/\/estado29.mx\/wp-content\/uploads\/2025\/06\/Conferencia_de_prensa_de_la_presidenta_Claudia_Sheinbaum_Pardo.jpeg 2560w, https:\/\/estado29.mx\/wp-content\/uploads\/2025\/06\/Conferencia_de_prensa_de_la_presidenta_Claudia_Sheinbaum_Pardo-300x200.jpeg 300w, https:\/\/estado29.mx\/wp-content\/uploads\/2025\/06\/Conferencia_de_prensa_de_la_presidenta_Claudia_Sheinbaum_Pardo-1024x683.jpeg 1024w, https:\/\/estado29.mx\/wp-content\/uploads\/2025\/06\/Conferencia_de_prensa_de_la_presidenta_Claudia_Sheinbaum_Pardo-768x512.jpeg 768w, https:\/\/estado29.mx\/wp-content\/uploads\/2025\/06\/Conferencia_de_prensa_de_la_presidenta_Claudia_Sheinbaum_Pardo-1536x1024.jpeg 1536w, https:\/\/estado29.mx\/wp-content\/uploads\/2025\/06\/Conferencia_de_prensa_de_la_presidenta_Claudia_Sheinbaum_Pardo-2048x1366.jpeg 2048w, https:\/\/estado29.mx\/wp-content\/uploads\/2025\/06\/Conferencia_de_prensa_de_la_presidenta_Claudia_Sheinbaum_Pardo-750x500.jpeg 750w, https:\/\/estado29.mx\/wp-content\/uploads\/2025\/06\/Conferencia_de_prensa_de_la_presidenta_Claudia_Sheinbaum_Pardo-1140x760.jpeg 1140w\" sizes=\"auto, (max-width: 2560px) 100vw, 2560px\" \/><\/figure>\n\n\n<p>Ciudad de M\u00e9xico, 4 de junio de 2025.- La Presidenta Claudia Sheinbaum Pardo resalt\u00f3 que a las nuevas ministras y ministros de la Suprema Corte de Justicia de la Naci\u00f3n (SCJN), que fueron elegidos por el pueblo, les corresponde, a partir de septiembre, dar un ejemplo a M\u00e9xico y al mundo de que puede haber un sistema de justicia diferente, que no est\u00e9 basado en el dinero, sino en la austeridad, la honestidad, la honradez y la transparencia.<\/p>\n\n\n\n<p>\u201cEllos tienen que dar un ejemplo, una vez que entren a la Corte, ellas y ellos, de una transformaci\u00f3n profunda del Poder Judicial. \u00bfEn qu\u00e9 sentido esta transformaci\u00f3n? Que haya justicia para todas y para todos en M\u00e9xico. Tienen que dar ejemplo de austeridad, comparado con la parafernalia del Poder actual, desde mi punto de vista, tienen que dar ejemplo de profesionalismo, de impartici\u00f3n de justicia, tienen que dar un ejemplo de que hay cambios de honestidad, de honradez, de transparencia&#8221;.<\/p>\n\n\n\n<p>\u201cHoy son elegidos por el pueblo, ahora les corresponde a ellas o a ellos, a partir de septiembre dar un ejemplo a M\u00e9xico y al mundo de que puede haber un sistema de justicia diferente, que no est\u00e9 basado en grupos de inter\u00e9s, en dinero de por medio, en dar a unos y a otros no\u201d, respondi\u00f3 en la conferencia matutina: \u201cLa ma\u00f1anera del pueblo\u201d.<\/p>\n\n\n\n<p>La Jefa del Ejecutivo Federal puntualiz\u00f3 que las y los ministros tienen que demostrar que tambi\u00e9n lleg\u00f3 la transformaci\u00f3n al Poder Judicial.<\/p>\n\n\n\n<p>\u201cY no es un asunto pol\u00edtico, es un asunto de honestidad, de sencillez, de modestia, de austeridad y de impartici\u00f3n de justicia\u201d, a\u00f1adi\u00f3.<\/p>\n\n\n\n<p>Reconoci\u00f3 el conocimiento y preparaci\u00f3n del abogado de origen mixteco, Hugo Aguilar Ortiz, quien ser\u00e1 el pr\u00f3ximo presidente de la SCJN, al haber recibido m\u00e1s de 6 millones de votos.<\/p>\n\n\n\n<p>\u201cTiene un amplio conocimiento. Es un hombre modesto, sencillo. Con una enorme inteligencia y sensibilidad social. Entonces, nos da mucho gusto, la verdad\u201d, agreg\u00f3.<\/p>\n\n\n\n<p>Puntualiz\u00f3 que la elecci\u00f3n democr\u00e1tica del Poder Judicial fue un suceso in\u00e9dito en el que participaron cerca de 13 millones de personas que decidieron quienes conformar\u00e1n la Suprema Corte de Justicia de la Naci\u00f3n (SCJN) y al Poder Judicial en su conjunto.<\/p>\n","protected":false},"excerpt":{"rendered":"<p>Ciudad de M\u00e9xico, 4 de junio de 2025.- La Presidenta Claudia Sheinbaum Pardo resalt\u00f3 que a las nuevas ministras y ministros de la Suprema Corte de Justicia de la Naci\u00f3n (SCJN), que fueron elegidos por el pueblo, les corresponde, a partir de septiembre, dar un ejemplo a M\u00e9xico y al mundo de que puede haber [&hellip;]<\/p>\n","protected":false},"author":4,"featured_media":96108,"comment_status":"open","ping_status":"open","sticky":false,"template":"","format":"standard","meta":{"om_disable_all_campaigns":false,"_monsterinsights_skip_tracking":false,"_monsterinsights_sitenote_active":false,"_monsterinsights_sitenote_note":"","_monsterinsights_sitenote_category":0,"jnews-multi-image_gallery":[],"jnews_single_post":{"format":"standard"},"jnews_primary_category":[],"footnotes":""},"categories":[1],"tags":[],"class_list":["post-96107","post","type-post","status-publish","format-standard","has-post-thumbnail","hentry","category-uncategorized"],"aioseo_notices":[],"_links":{"self":[{"href":"https:\/\/estado29.mx\/index.php?rest_route=\/wp\/v2\/posts\/96107","targetHints":{"allow":["GET"]}}],"collection":[{"href":"https:\/\/estado29.mx\/index.php?rest_route=\/wp\/v2\/posts"}],"about":[{"href":"https:\/\/estado29.mx\/index.php?rest_route=\/wp\/v2\/types\/post"}],"author":[{"embeddable":true,"href":"https:\/\/estado29.mx\/index.php?rest_route=\/wp\/v2\/users\/4"}],"replies":[{"embeddable":true,"href":"https:\/\/estado29.mx\/index.php?rest_route=%2Fwp%2Fv2%2Fcomments&post=96107"}],"version-history":[{"count":1,"href":"https:\/\/estado29.mx\/index.php?rest_route=\/wp\/v2\/posts\/96107\/revisions"}],"predecessor-version":[{"id":96109,"href":"https:\/\/estado29.mx\/index.php?rest_route=\/wp\/v2\/posts\/96107\/revisions\/96109"}],"wp:featuredmedia":[{"embeddable":true,"href":"https:\/\/estado29.mx\/index.php?rest_route=\/wp\/v2\/media\/96108"}],"wp:attachment":[{"href":"https:\/\/estado29.mx\/index.php?rest_route=%2Fwp%2Fv2%2Fmedia&parent=96107"}],"wp:term":[{"taxonomy":"category","embeddable":true,"href":"https:\/\/estado29.mx\/index.php?rest_route=%2Fwp%2Fv2%2Fcategories&post=96107"},{"taxonomy":"post_tag","embeddable":true,"href":"https:\/\/estado29.mx\/index.php?rest_route=%2Fwp%2Fv2%2Ftags&post=96107"}],"curies":[{"name":"wp","href":"https:\/\/api.w.org\/{rel}","templated":true}]}}