{"id":96116,"date":"2025-06-17T03:18:48","date_gmt":"2025-06-17T03:18:48","guid":{"rendered":"https:\/\/estado29.mx\/?p=96116"},"modified":"2025-06-17T03:18:48","modified_gmt":"2025-06-17T03:18:48","slug":"celebra-sedif-primera-sesion-del-comite-de-atencion-a-personas-con-discapacidad","status":"publish","type":"post","link":"https:\/\/estado29.mx\/?p=96116","title":{"rendered":"Celebra SEDIF primera sesi\u00f3n del comit\u00e9 de atenci\u00f3n a personas con discapacidad"},"content":{"rendered":"\n<p><\/p>\n\n\n\n<p>*Las y los integrantes del Comit\u00e9 aprobaron el plan de trabajo 2025 y el calendario de sesiones ordinarias<\/p>\n\n\n\n<p>Con el firme compromiso de garantizar los derechos humanos y mejorar la calidad de vida sectores vulnerables de la poblaci\u00f3n en el estado a trav\u00e9s de la generaci\u00f3n de pol\u00edticas p\u00fablicas, el Sistema Estatal para el Desarrollo Integral de la Familia (Sedif) realiz\u00f3 la primera sesi\u00f3n ordinaria del Comit\u00e9 de Atenci\u00f3n a Personas con Discapacidad.<\/p>\n\n\n\n<p>En el Sal\u00f3n Rojo de Palacio de Gobierno, la presidenta honor\u00edfica del SEDIF, Mariana Espinosa de los Monteros Cu\u00e9llar, acompa\u00f1ada por el secretario de Gobierno, Luis Antonio Ram\u00edrez Hern\u00e1ndez, as\u00ed como titulares y representantes de diversas dependencias estatales, encabez\u00f3 esta primera sesi\u00f3n donde reafirm\u00f3 el compromiso del organismo para seguir construyendo un estado m\u00e1s incluyente, equitativo y accesible para todas las personas.<\/p>\n\n\n\n<p>Espinosa de los Monteros Cu\u00e9llar dio a conocer que en Tlaxcala, de acuerdo con el Censo del INEGI, las personas con discapacidad representan el 7.1 por ciento de la poblaci\u00f3n, cifra que recuerda la importancia de que las pol\u00edticas p\u00fablicas, los programas y las acciones en materia de inclusi\u00f3n y atenci\u00f3n a las personas con discapacidad sean una prioridad para todos los niveles de gobierno, las instituciones educativas y la sociedad en su conjunto.<\/p>\n\n\n\n<p>Durante la reuni\u00f3n, se aprob\u00f3 el Plan de Trabajo 2025 del Comit\u00e9, el cual contempla una serie de acciones integrales que impulsan la inclusi\u00f3n y el respeto a los derechos de las personas con discapacidad en la entidad. Entre los puntos m\u00e1s destacados se encuentran: la capacitaci\u00f3n a servidores p\u00fablicos en Lengua de Se\u00f1as Mexicana (LSM) para mejorar la atenci\u00f3n y comunicaci\u00f3n con personas con discapacidad auditiva.<\/p>\n\n\n\n<p>Adem\u00e1s, de la celebraci\u00f3n de la Feria de la Inclusi\u00f3n 2025, evento que reunir\u00e1 servicios dirigidos a la poblaci\u00f3n con discapacidad y sus familias; la supervisi\u00f3n y fortalecimiento del Plan Integral de Accesibilidad del Estado para garantizar espacios y servicios p\u00fablicos incluyentes; as\u00ed como la implementaci\u00f3n del programa \u201cInclusi\u00f3n que Transforma\u201d, que llevar\u00e1 jornadas itinerantes de tr\u00e1mites y servicios especializados a diferentes municipios del estado.<\/p>\n\n\n\n<p>En asuntos generales, los integrantes del Comit\u00e9 manifestaron diversos puntos de vista, propuestas y acuerdos respecto a la inclusi\u00f3n laboral de personas con discapacidad, as\u00ed como la construcci\u00f3n de proyectos de accesibilidad para ejecutar en los inmuebles de las dependencias, instituciones, secretar\u00edas, y organismos aut\u00f3nomos e iniciar con la capacitaci\u00f3n de servidores p\u00fablicos de la Secretar\u00eda de Seguridad Ciudadana en LSM con el apoyo de las y los capacitadores del&nbsp; Instituto de Capacitaci\u00f3n para el Trabajo de Tlaxcala (Icatlax).<\/p>\n\n\n\n<p>De esta manera, el Sedif reafirma su vocaci\u00f3n de servicio y su compromiso permanente con la inclusi\u00f3n como un eje transversal de sus pol\u00edticas p\u00fablicas para transformar vidas.<\/p>\n\n\n\n<p>Al evento asistieron la directora general del SEDIF, Flor L\u00f3pez Hinojosa, as\u00ed como funcionarios estatales y titulares de dependencias estatales que conforman el Comit\u00e9 de Atenci\u00f3n a Personas con Discapacidad.<\/p>\n","protected":false},"excerpt":{"rendered":"<p>*Las y los integrantes del Comit\u00e9 aprobaron el plan de trabajo 2025 y el calendario de sesiones ordinarias Con el firme compromiso de garantizar los derechos humanos y mejorar la calidad de vida sectores vulnerables de la poblaci\u00f3n en el estado a trav\u00e9s de la generaci\u00f3n de pol\u00edticas p\u00fablicas, el Sistema Estatal para el Desarrollo [&hellip;]<\/p>\n","protected":false},"author":4,"featured_media":96117,"comment_status":"open","ping_status":"open","sticky":false,"template":"","format":"standard","meta":{"om_disable_all_campaigns":false,"_monsterinsights_skip_tracking":false,"_monsterinsights_sitenote_active":false,"_monsterinsights_sitenote_note":"","_monsterinsights_sitenote_category":0,"jnews-multi-image_gallery":[],"jnews_single_post":{"format":"standard"},"jnews_primary_category":[],"footnotes":""},"categories":[1],"tags":[],"class_list":["post-96116","post","type-post","status-publish","format-standard","has-post-thumbnail","hentry","category-uncategorized"],"aioseo_notices":[],"_links":{"self":[{"href":"https:\/\/estado29.mx\/index.php?rest_route=\/wp\/v2\/posts\/96116","targetHints":{"allow":["GET"]}}],"collection":[{"href":"https:\/\/estado29.mx\/index.php?rest_route=\/wp\/v2\/posts"}],"about":[{"href":"https:\/\/estado29.mx\/index.php?rest_route=\/wp\/v2\/types\/post"}],"author":[{"embeddable":true,"href":"https:\/\/estado29.mx\/index.php?rest_route=\/wp\/v2\/users\/4"}],"replies":[{"embeddable":true,"href":"https:\/\/estado29.mx\/index.php?rest_route=%2Fwp%2Fv2%2Fcomments&post=96116"}],"version-history":[{"count":1,"href":"https:\/\/estado29.mx\/index.php?rest_route=\/wp\/v2\/posts\/96116\/revisions"}],"predecessor-version":[{"id":96118,"href":"https:\/\/estado29.mx\/index.php?rest_route=\/wp\/v2\/posts\/96116\/revisions\/96118"}],"wp:featuredmedia":[{"embeddable":true,"href":"https:\/\/estado29.mx\/index.php?rest_route=\/wp\/v2\/media\/96117"}],"wp:attachment":[{"href":"https:\/\/estado29.mx\/index.php?rest_route=%2Fwp%2Fv2%2Fmedia&parent=96116"}],"wp:term":[{"taxonomy":"category","embeddable":true,"href":"https:\/\/estado29.mx\/index.php?rest_route=%2Fwp%2Fv2%2Fcategories&post=96116"},{"taxonomy":"post_tag","embeddable":true,"href":"https:\/\/estado29.mx\/index.php?rest_route=%2Fwp%2Fv2%2Ftags&post=96116"}],"curies":[{"name":"wp","href":"https:\/\/api.w.org\/{rel}","templated":true}]}}