{"id":96122,"date":"2025-06-17T03:18:48","date_gmt":"2025-06-17T03:18:48","guid":{"rendered":"https:\/\/estado29.mx\/?p=96122"},"modified":"2025-06-17T03:18:48","modified_gmt":"2025-06-17T03:18:48","slug":"icatlax-realiza-curso-taller-en-liderazgo-femenino-para-la-transformacion-comunitaria","status":"publish","type":"post","link":"https:\/\/estado29.mx\/?p=96122","title":{"rendered":"ICATLAX realiza curso-taller en liderazgo femenino para la transformaci\u00f3n comunitaria"},"content":{"rendered":"\n<p><\/p>\n\n\n\n<p>\u2022Con el objetivo de fortalecer conocimientos en derechos humanos, perspectiva de g\u00e9nero y prevenci\u00f3n de la violencia<\/p>\n\n\n\n<p>El Instituto de Capacitaci\u00f3n para el Trabajo del Estado de Tlaxcala (ICATLAX), a trav\u00e9s de la Unidad de Igualdad de G\u00e9nero, llev\u00f3 a cabo con \u00e9xito el Curso-Taller \u201cLiderazgo Femenino para la Transformaci\u00f3n Comunitaria\u201d a mujeres tlaxcaltecas.<\/p>\n\n\n\n<p>Esta jornada formativa estuvo dirigida a participantes de los programas de capacitaci\u00f3n del ICATLAX, con el objetivo de fortalecer sus conocimientos en derechos humanos, perspectiva de g\u00e9nero y prevenci\u00f3n de la violencia.<\/p>\n\n\n\n<p>La actividad promovi\u00f3 el empoderamiento femenino y el desarrollo de habilidades de liderazgo, con miras a impulsar una transformaci\u00f3n positiva dentro de sus comunidades.<\/p>\n\n\n\n<p>La destacada participaci\u00f3n de la ponente invitada fue fundamental para el desarrollo del taller, aportando herramientas pr\u00e1cticas y reflexivas que enriquecieron el aprendizaje colectivo.<\/p>\n\n\n\n<p>Este esfuerzo reafirma el compromiso del Gobierno del Estado, a trav\u00e9s del ICATLAX, por construir espacios m\u00e1s justos, inclusivos y seguros para todas las personas, especialmente, para las mujeres tlaxcaltecas que se forman para convertirse en agentes de cambio.<\/p>\n","protected":false},"excerpt":{"rendered":"<p>\u2022Con el objetivo de fortalecer conocimientos en derechos humanos, perspectiva de g\u00e9nero y prevenci\u00f3n de la violencia El Instituto de Capacitaci\u00f3n para el Trabajo del Estado de Tlaxcala (ICATLAX), a trav\u00e9s de la Unidad de Igualdad de G\u00e9nero, llev\u00f3 a cabo con \u00e9xito el Curso-Taller \u201cLiderazgo Femenino para la Transformaci\u00f3n Comunitaria\u201d a mujeres tlaxcaltecas. Esta [&hellip;]<\/p>\n","protected":false},"author":4,"featured_media":96123,"comment_status":"open","ping_status":"open","sticky":false,"template":"","format":"standard","meta":{"om_disable_all_campaigns":false,"_monsterinsights_skip_tracking":false,"_monsterinsights_sitenote_active":false,"_monsterinsights_sitenote_note":"","_monsterinsights_sitenote_category":0,"jnews-multi-image_gallery":[],"jnews_single_post":{"format":"standard"},"jnews_primary_category":[],"footnotes":""},"categories":[1],"tags":[],"class_list":["post-96122","post","type-post","status-publish","format-standard","has-post-thumbnail","hentry","category-uncategorized"],"aioseo_notices":[],"_links":{"self":[{"href":"https:\/\/estado29.mx\/index.php?rest_route=\/wp\/v2\/posts\/96122","targetHints":{"allow":["GET"]}}],"collection":[{"href":"https:\/\/estado29.mx\/index.php?rest_route=\/wp\/v2\/posts"}],"about":[{"href":"https:\/\/estado29.mx\/index.php?rest_route=\/wp\/v2\/types\/post"}],"author":[{"embeddable":true,"href":"https:\/\/estado29.mx\/index.php?rest_route=\/wp\/v2\/users\/4"}],"replies":[{"embeddable":true,"href":"https:\/\/estado29.mx\/index.php?rest_route=%2Fwp%2Fv2%2Fcomments&post=96122"}],"version-history":[{"count":1,"href":"https:\/\/estado29.mx\/index.php?rest_route=\/wp\/v2\/posts\/96122\/revisions"}],"predecessor-version":[{"id":96124,"href":"https:\/\/estado29.mx\/index.php?rest_route=\/wp\/v2\/posts\/96122\/revisions\/96124"}],"wp:featuredmedia":[{"embeddable":true,"href":"https:\/\/estado29.mx\/index.php?rest_route=\/wp\/v2\/media\/96123"}],"wp:attachment":[{"href":"https:\/\/estado29.mx\/index.php?rest_route=%2Fwp%2Fv2%2Fmedia&parent=96122"}],"wp:term":[{"taxonomy":"category","embeddable":true,"href":"https:\/\/estado29.mx\/index.php?rest_route=%2Fwp%2Fv2%2Fcategories&post=96122"},{"taxonomy":"post_tag","embeddable":true,"href":"https:\/\/estado29.mx\/index.php?rest_route=%2Fwp%2Fv2%2Ftags&post=96122"}],"curies":[{"name":"wp","href":"https:\/\/api.w.org\/{rel}","templated":true}]}}