{"id":96140,"date":"2025-06-17T03:18:48","date_gmt":"2025-06-17T03:18:48","guid":{"rendered":"https:\/\/estado29.mx\/?p=96140"},"modified":"2025-06-17T03:18:48","modified_gmt":"2025-06-17T03:18:48","slug":"este-fin-de-semana-se-desarrollara-el-festival-del-pulque-en-atltzayanca","status":"publish","type":"post","link":"https:\/\/estado29.mx\/?p=96140","title":{"rendered":"Este fin de semana se desarrollar\u00e1 el festival del pulque en Atltzayanca.\u00a0"},"content":{"rendered":"\n<p>Paco Ugarte.&nbsp;<\/p>\n\n\n\n<p>Leonel Ceron Mart\u00ednez, organizador del Festival del Pulque, dentro de las actividades que habr\u00e1n de desarrollarse en el barrio de San Antonio en el municipio de Atltzayanca, realiz\u00f3 la presentaci\u00f3n de este evento.&nbsp;<\/p>\n\n\n\n<p>Puntualiz\u00f3 que es la primera edici\u00f3n de este evento que realizan varios j\u00f3venes con un grupo que ha participado en distintas actividades, este \u00faltimo pr\u00f3ximo a desarrollarse el 7 y 8 de junio en el parque infantil del barrio de San Antonio.<\/p>\n\n\n\n<p>Inform\u00f3 que habr\u00e1 m\u00e1s de 30 expositores que busquen reactivar la econom\u00eda con venta de pulque natural que ir\u00e1 desde los 39 a 35 pesos por litro o bien el curado de varios sabores como pi\u00f1\u00f3n, pi\u00f1a, durazno, mango, entre otras frutas de temporada con precio el litro de 50 a 80 pesos.&nbsp;<\/p>\n\n\n\n<p>Adem\u00e1s se contar\u00e1 con otros productos hechos con pulque como gelatina, mole, pan, pastel y dem\u00e1s alimentos t\u00edpicos.&nbsp;<\/p>\n\n\n\n<p>Tambi\u00e9n habr\u00e1 participaci\u00f3n de m\u00fasica en vivo, camada de huehues, rifas y otras actividades para que sea un evento 100% familiar.&nbsp;<\/p>\n","protected":false},"excerpt":{"rendered":"<p>Paco Ugarte.&nbsp; Leonel Ceron Mart\u00ednez, organizador del Festival del Pulque, dentro de las actividades que habr\u00e1n de desarrollarse en el barrio de San Antonio en el municipio de Atltzayanca, realiz\u00f3 la presentaci\u00f3n de este evento.&nbsp; Puntualiz\u00f3 que es la primera edici\u00f3n de este evento que realizan varios j\u00f3venes con un grupo que ha participado en [&hellip;]<\/p>\n","protected":false},"author":5,"featured_media":96141,"comment_status":"open","ping_status":"open","sticky":false,"template":"","format":"standard","meta":{"om_disable_all_campaigns":false,"_monsterinsights_skip_tracking":false,"_monsterinsights_sitenote_active":false,"_monsterinsights_sitenote_note":"","_monsterinsights_sitenote_category":0,"jnews-multi-image_gallery":[],"jnews_single_post":{"format":"standard"},"jnews_primary_category":[],"footnotes":""},"categories":[1],"tags":[],"class_list":["post-96140","post","type-post","status-publish","format-standard","has-post-thumbnail","hentry","category-uncategorized"],"aioseo_notices":[],"_links":{"self":[{"href":"https:\/\/estado29.mx\/index.php?rest_route=\/wp\/v2\/posts\/96140","targetHints":{"allow":["GET"]}}],"collection":[{"href":"https:\/\/estado29.mx\/index.php?rest_route=\/wp\/v2\/posts"}],"about":[{"href":"https:\/\/estado29.mx\/index.php?rest_route=\/wp\/v2\/types\/post"}],"author":[{"embeddable":true,"href":"https:\/\/estado29.mx\/index.php?rest_route=\/wp\/v2\/users\/5"}],"replies":[{"embeddable":true,"href":"https:\/\/estado29.mx\/index.php?rest_route=%2Fwp%2Fv2%2Fcomments&post=96140"}],"version-history":[{"count":1,"href":"https:\/\/estado29.mx\/index.php?rest_route=\/wp\/v2\/posts\/96140\/revisions"}],"predecessor-version":[{"id":96142,"href":"https:\/\/estado29.mx\/index.php?rest_route=\/wp\/v2\/posts\/96140\/revisions\/96142"}],"wp:featuredmedia":[{"embeddable":true,"href":"https:\/\/estado29.mx\/index.php?rest_route=\/wp\/v2\/media\/96141"}],"wp:attachment":[{"href":"https:\/\/estado29.mx\/index.php?rest_route=%2Fwp%2Fv2%2Fmedia&parent=96140"}],"wp:term":[{"taxonomy":"category","embeddable":true,"href":"https:\/\/estado29.mx\/index.php?rest_route=%2Fwp%2Fv2%2Fcategories&post=96140"},{"taxonomy":"post_tag","embeddable":true,"href":"https:\/\/estado29.mx\/index.php?rest_route=%2Fwp%2Fv2%2Ftags&post=96140"}],"curies":[{"name":"wp","href":"https:\/\/api.w.org\/{rel}","templated":true}]}}