{"id":96153,"date":"2025-06-17T03:18:48","date_gmt":"2025-06-17T03:18:48","guid":{"rendered":"https:\/\/estado29.mx\/?p=96153"},"modified":"2025-06-17T03:18:48","modified_gmt":"2025-06-17T03:18:48","slug":"firman-convenio-sepe-y-uatx-para-impulsar-programa-atencion-a-necesidades-educativas-especificas-en-casa","status":"publish","type":"post","link":"https:\/\/estado29.mx\/?p=96153","title":{"rendered":"Firman convenio SEPE Y UATX para impulsar programa \u201catenci\u00f3n a necesidades educativas espec\u00edficas en casa\u201d."},"content":{"rendered":"\n<p><\/p>\n\n\n\n<p>*La estrategia podr\u00e1 atender hasta 218 usuarios, a trav\u00e9s de una inversi\u00f3n de un mill\u00f3n 750 mil pesos<\/p>\n\n\n\n<p>La Secretar\u00eda de Educaci\u00f3n P\u00fablica del Estado (SEPE) y la Universidad Aut\u00f3noma de Tlaxcala (UATx), signaron convenio de colaboraci\u00f3n para la ejecuci\u00f3n del programa \u201cAtenci\u00f3n a Necesidades Educativas Espec\u00edficas en Casa\u201d, que beneficiar\u00e1 a m\u00e1s de 200 ni\u00f1as, ni\u00f1os, adolescentes y j\u00f3venes no escolarizados, a trav\u00e9s de una inversi\u00f3n de un mill\u00f3n 750 mil pesos.<\/p>\n\n\n\n<p>El acuerdo fue signado en el auditorio anexo a Rector\u00eda de la UATx, por el titular de la SEPE, Homero Meneses Hern\u00e1ndez y en representaci\u00f3n del rector Seraf\u00edn Ortiz Ortiz, la secretaria de Investigaci\u00f3n y Posgrado, Margarita Mart\u00ednez G\u00f3mez; y permitir\u00e1 a 50 estudiantes de la licenciatura en Educaci\u00f3n Especial de la Facultad de Ciencias para el Desarrollo Humano, integrarse al programa.<\/p>\n\n\n\n<p>En su intervenci\u00f3n, Meneses Hern\u00e1ndez explic\u00f3 que el apoyo econ\u00f3mico \u00fanico para los estudiantes beneficiarios ser\u00e1 de 8 mil pesos, con lo cual se estimular\u00e1 y fortalecer\u00e1 su formaci\u00f3n profesional, brind\u00e1ndoles la oportunidad de involucrarse y contribuir, mediante estrategias pedag\u00f3gicas y rehabilitaci\u00f3n a personas con alguna necesidad educativa con o sin discapacidad, as\u00ed como trastornos del espectro autista, por d\u00e9ficit de atenci\u00f3n con o sin hiperactividad y de la comunicaci\u00f3n.<\/p>\n\n\n\n<p>El objetivo es brindar atenci\u00f3n integral a domicilio a personas de entre 3 a 25 a\u00f1os que cuenten con alg\u00fan tipo de necesidad educativa espec\u00edfica, de terapia f\u00edsica, as\u00ed como a personas que tengan alguna discapacidad o se encuentren en una situaci\u00f3n de vulnerabilidad que no les permita trasladarse a una instituci\u00f3n educativa, centro de rehabilitaci\u00f3n o que por su condici\u00f3n no tengan la posibilidad de ser alumnos escolarizados.<\/p>\n\n\n\n<p>Con estas acciones, el Gobierno del Estado, encabezado por la gobernadora Lorena Cu\u00e9llar Cisneros, en coordinaci\u00f3n con la UATx, busca erradicar las barreras para el aprendizaje y la participaci\u00f3n y contribuir a que la poblaci\u00f3n logre su autonom\u00eda personal e inclusi\u00f3n social.<\/p>\n\n\n\n<p>El programa tambi\u00e9n contribuir\u00e1 a disminuir las brechas educativas derivadas de diferentes factores familiares, culturales, econ\u00f3micos, psicol\u00f3gicos, emocionales.<\/p>\n","protected":false},"excerpt":{"rendered":"<p>*La estrategia podr\u00e1 atender hasta 218 usuarios, a trav\u00e9s de una inversi\u00f3n de un mill\u00f3n 750 mil pesos La Secretar\u00eda de Educaci\u00f3n P\u00fablica del Estado (SEPE) y la Universidad Aut\u00f3noma de Tlaxcala (UATx), signaron convenio de colaboraci\u00f3n para la ejecuci\u00f3n del programa \u201cAtenci\u00f3n a Necesidades Educativas Espec\u00edficas en Casa\u201d, que beneficiar\u00e1 a m\u00e1s de 200 [&hellip;]<\/p>\n","protected":false},"author":4,"featured_media":96154,"comment_status":"open","ping_status":"open","sticky":false,"template":"","format":"standard","meta":{"om_disable_all_campaigns":false,"_monsterinsights_skip_tracking":false,"_monsterinsights_sitenote_active":false,"_monsterinsights_sitenote_note":"","_monsterinsights_sitenote_category":0,"jnews-multi-image_gallery":[],"jnews_single_post":{"format":"standard"},"jnews_primary_category":[],"footnotes":""},"categories":[1],"tags":[],"class_list":["post-96153","post","type-post","status-publish","format-standard","has-post-thumbnail","hentry","category-uncategorized"],"aioseo_notices":[],"_links":{"self":[{"href":"https:\/\/estado29.mx\/index.php?rest_route=\/wp\/v2\/posts\/96153","targetHints":{"allow":["GET"]}}],"collection":[{"href":"https:\/\/estado29.mx\/index.php?rest_route=\/wp\/v2\/posts"}],"about":[{"href":"https:\/\/estado29.mx\/index.php?rest_route=\/wp\/v2\/types\/post"}],"author":[{"embeddable":true,"href":"https:\/\/estado29.mx\/index.php?rest_route=\/wp\/v2\/users\/4"}],"replies":[{"embeddable":true,"href":"https:\/\/estado29.mx\/index.php?rest_route=%2Fwp%2Fv2%2Fcomments&post=96153"}],"version-history":[{"count":1,"href":"https:\/\/estado29.mx\/index.php?rest_route=\/wp\/v2\/posts\/96153\/revisions"}],"predecessor-version":[{"id":96155,"href":"https:\/\/estado29.mx\/index.php?rest_route=\/wp\/v2\/posts\/96153\/revisions\/96155"}],"wp:featuredmedia":[{"embeddable":true,"href":"https:\/\/estado29.mx\/index.php?rest_route=\/wp\/v2\/media\/96154"}],"wp:attachment":[{"href":"https:\/\/estado29.mx\/index.php?rest_route=%2Fwp%2Fv2%2Fmedia&parent=96153"}],"wp:term":[{"taxonomy":"category","embeddable":true,"href":"https:\/\/estado29.mx\/index.php?rest_route=%2Fwp%2Fv2%2Fcategories&post=96153"},{"taxonomy":"post_tag","embeddable":true,"href":"https:\/\/estado29.mx\/index.php?rest_route=%2Fwp%2Fv2%2Ftags&post=96153"}],"curies":[{"name":"wp","href":"https:\/\/api.w.org\/{rel}","templated":true}]}}