{"id":96156,"date":"2025-06-17T03:18:48","date_gmt":"2025-06-17T03:18:48","guid":{"rendered":"https:\/\/estado29.mx\/?p=96156"},"modified":"2025-06-17T03:18:48","modified_gmt":"2025-06-17T03:18:48","slug":"recibira-ciudad-del-deporte-disciplina-de-gimnasia-de-trampolin-en-olimpiada-conade-2025","status":"publish","type":"post","link":"https:\/\/estado29.mx\/?p=96156","title":{"rendered":"Recibir\u00e1 ciudad del deporte disciplina de gimnasia de trampol\u00edn en olimpiada CONADE 2025"},"content":{"rendered":"\n<p><\/p>\n\n\n\n<p>*Saltos complejos, giros y acrobacias formar\u00e1n parte del programa de la justa deportiva que inicia este viernes 6 de junio<\/p>\n\n\n\n<p>La selecci\u00f3n tlaxcalteca de gimnasia de trampol\u00edn, conformada por diez deportistas, se reporta lista para participar en la competencia que se realizar\u00e1, del 6 al 9 de junio, en la Ciudad del Deporte de Alto Rendimiento en Apizaco.<\/p>\n\n\n\n<p>Las y los atletas Saori Mancera, Frida Gonz\u00e1lez, Samantha Carranza, Zunami Mancera, Alejandro Bernal, Ilse Rodr\u00edguez, Isabella Bernal, Jes\u00fas Flores, Rafael Leal y Andrea Palestina derrochar\u00e1n talento y disputar\u00e1n su boleto a la gloria en las categor\u00edas 10-12 a\u00f1os, 13-14 a\u00f1os, 15-16 a\u00f1os y 17-21 a\u00f1os, en las ramas femenil y varonil.<\/p>\n\n\n\n<p>Tras lograr su clasificaci\u00f3n en el pasado Campeonato Nacional Clasificatorio con apoyo del Gobierno del Estado, a trav\u00e9s del Instituto del Deporte de Tlaxcala (IDET), la escuadra local aprovechar\u00e1 la fiesta deportiva que se celebra en la entidad para poner en alto el nombre de Tlaxcala.<\/p>\n\n\n\n<p>Dos trampolines de competencia y dos trampolines de pr\u00e1ctica, as\u00ed como el \u00e1rea de gradas, conformar\u00e1n en el Pabell\u00f3n \u201cA\u201d de este magno escenario.<\/p>\n\n\n\n<p>Medallistas como Frida Vanessa Gonz\u00e1lez y Alejandro Bernal Rafael Leal buscar\u00e1n refrendar su calidad deportiva en esta edici\u00f3n que tendr\u00e1 modalidades: individual, sincronizado, equipos, equipo mixto y sincronizado mixto.<\/p>\n\n\n\n<p>En la modalidad individual realizar\u00e1n tres rutinas y clasificar\u00e1n las y los ocho mejores con un m\u00e1ximo de dos atletas por entidad; en equipo sincronizado la final ser\u00e1 directa y solo se competir\u00e1 con una rutina.<\/p>\n\n\n\n<p>Ejecuci\u00f3n, dificultad, tiempo de vuelo y desplazamiento horizontal son algunos de los de los criterios que calificar\u00e1n los jueces que sancionan estas rutinas.<\/p>\n\n\n\n<p>Los horarios de competencia estar\u00e1n de la siguiente forma: el viernes 6 de junio las competencias inician a partir de las 8:30 hasta las 19:00 horas; el s\u00e1bado 7 de junio ser\u00e1n de 8:45 a 17:45 horas; el domingo 8 de junio comenzar\u00e1 a las 10:00 y culminar\u00e1 a las 19:30 horas; mientras que el lunes 9 ser\u00e1n de 9:30 a 15:30 horas.<\/p>\n","protected":false},"excerpt":{"rendered":"<p>*Saltos complejos, giros y acrobacias formar\u00e1n parte del programa de la justa deportiva que inicia este viernes 6 de junio La selecci\u00f3n tlaxcalteca de gimnasia de trampol\u00edn, conformada por diez deportistas, se reporta lista para participar en la competencia que se realizar\u00e1, del 6 al 9 de junio, en la Ciudad del Deporte de Alto [&hellip;]<\/p>\n","protected":false},"author":4,"featured_media":96157,"comment_status":"open","ping_status":"open","sticky":false,"template":"","format":"standard","meta":{"om_disable_all_campaigns":false,"_monsterinsights_skip_tracking":false,"_monsterinsights_sitenote_active":false,"_monsterinsights_sitenote_note":"","_monsterinsights_sitenote_category":0,"jnews-multi-image_gallery":[],"jnews_single_post":{"format":"standard"},"jnews_primary_category":[],"footnotes":""},"categories":[1],"tags":[],"class_list":["post-96156","post","type-post","status-publish","format-standard","has-post-thumbnail","hentry","category-uncategorized"],"aioseo_notices":[],"_links":{"self":[{"href":"https:\/\/estado29.mx\/index.php?rest_route=\/wp\/v2\/posts\/96156","targetHints":{"allow":["GET"]}}],"collection":[{"href":"https:\/\/estado29.mx\/index.php?rest_route=\/wp\/v2\/posts"}],"about":[{"href":"https:\/\/estado29.mx\/index.php?rest_route=\/wp\/v2\/types\/post"}],"author":[{"embeddable":true,"href":"https:\/\/estado29.mx\/index.php?rest_route=\/wp\/v2\/users\/4"}],"replies":[{"embeddable":true,"href":"https:\/\/estado29.mx\/index.php?rest_route=%2Fwp%2Fv2%2Fcomments&post=96156"}],"version-history":[{"count":1,"href":"https:\/\/estado29.mx\/index.php?rest_route=\/wp\/v2\/posts\/96156\/revisions"}],"predecessor-version":[{"id":96158,"href":"https:\/\/estado29.mx\/index.php?rest_route=\/wp\/v2\/posts\/96156\/revisions\/96158"}],"wp:featuredmedia":[{"embeddable":true,"href":"https:\/\/estado29.mx\/index.php?rest_route=\/wp\/v2\/media\/96157"}],"wp:attachment":[{"href":"https:\/\/estado29.mx\/index.php?rest_route=%2Fwp%2Fv2%2Fmedia&parent=96156"}],"wp:term":[{"taxonomy":"category","embeddable":true,"href":"https:\/\/estado29.mx\/index.php?rest_route=%2Fwp%2Fv2%2Fcategories&post=96156"},{"taxonomy":"post_tag","embeddable":true,"href":"https:\/\/estado29.mx\/index.php?rest_route=%2Fwp%2Fv2%2Ftags&post=96156"}],"curies":[{"name":"wp","href":"https:\/\/api.w.org\/{rel}","templated":true}]}}