{"id":96159,"date":"2025-06-17T03:18:48","date_gmt":"2025-06-17T03:18:48","guid":{"rendered":"https:\/\/estado29.mx\/?p=96159"},"modified":"2025-06-17T03:18:48","modified_gmt":"2025-06-17T03:18:48","slug":"conmemora-sma-dia-mundial-del-medio-ambiente-con-un-dia-sin-plastico","status":"publish","type":"post","link":"https:\/\/estado29.mx\/?p=96159","title":{"rendered":"Conmemora SMA d\u00eda mundial del medio ambiente con \u201cun d\u00eda sin pl\u00e1stico\u201d"},"content":{"rendered":"\n<p><\/p>\n\n\n\n<p>\u2022La conmemoraci\u00f3n de esta fecha cont\u00f3 con diversas actividades dirigidas a infantes, as\u00ed como la firma del Pacto por la Disminuci\u00f3n del Uso de Pl\u00e1sticos con empresas privadas<\/p>\n\n\n\n<p>La Secretar\u00eda de Medio Ambiente del Estado de Tlaxcala (SMA) llev\u00f3 a cabo una jornada de educaci\u00f3n ambiental con estudiantes de nivel b\u00e1sico y formaliz\u00f3 un pacto por la disminuci\u00f3n del uso de pl\u00e1sticos con tres empresas socialmente responsables, con la finalidad de garantizar a las juventudes del estado y futuras generaciones un entorno m\u00e1s sostenible.<\/p>\n\n\n\n<p>En el marco del D\u00eda Mundial del Medio Ambiente, que se celebra cada a\u00f1o el 5 de junio por acuerdo de la Asamblea General de las Naciones Unidas para promover la conciencia y la acci\u00f3n en favor del medioambiente, la dependencia estatal impuls\u00f3 una serie de actividades l\u00fadicas y formativas bajo el lema \u201c\u00a1Un d\u00eda sin pl\u00e1stico!\u201d, con el prop\u00f3sito de fomentar la conciencia ecol\u00f3gica en la ni\u00f1ez y juventud.<\/p>\n\n\n\n<p>El evento se desarroll\u00f3 en el jard\u00edn bot\u00e1nico de Tizatl\u00e1n, con la participaci\u00f3n de m\u00e1s de 100 estudiantes de primaria y secundaria, quienes vivieron una experiencia ambiental enriquecedora que combin\u00f3 aprendizaje activo, contacto con la naturaleza y acciones concretas contra la contaminaci\u00f3n pl\u00e1stica.<\/p>\n\n\n\n<p>Como parte de estas actividades se materializ\u00f3 la firma del Pacto por la Disminuci\u00f3n del Uso de Pl\u00e1sticos, encabezada por el titular de la SMA, Pedro Aquino Alvarado, junto a representantes de las empresas Grupo Gran Bodega y Walmart.<\/p>\n\n\n\n<p>Aquino Alvarado explic\u00f3 que este pacto representa un avance institucional y un compromiso intergeneracional, que busca garantizar que las y los j\u00f3venes de hoy puedan crecer en un entorno m\u00e1s sano, libre de residuos y con mejores condiciones ambientales para su bienestar y desarrollo.<\/p>\n\n\n\n<p>\u201cEste esfuerzo conjunto fortalece el liderazgo de Tlaxcala en la promoci\u00f3n de un modelo de desarrollo m\u00e1s consciente, donde el trabajo coordinado entre sectores impulsa entornos m\u00e1s sanos y resilientes para las generaciones presentes y futuras\u201d, enfatiz\u00f3.<\/p>\n\n\n\n<p>Entre las actividades realizadas destacaron la proyecci\u00f3n de la pel\u00edcula \u201cLa Princesa Mononoke\u201d en la Sala de Arte \u201cMiguel N. Lira\u201d, un rally ambiental, una loter\u00eda de polinizadores y un simulacro de verificaci\u00f3n vehicular, adem\u00e1s de din\u00e1micas sobre la calidad del aire.<\/p>\n\n\n\n<p>Como reconocimiento a su participaci\u00f3n, j\u00f3venes recibieron contenedores reutilizables para invitarlos a continuar adoptando h\u00e1bitos sustentables en su vida diaria.<\/p>\n\n\n\n<p>De esta manera, el Gobierno del Estado promueve la sustentabilidad desde distintos sectores como el educativo y empresarial.<\/p>\n","protected":false},"excerpt":{"rendered":"<p>\u2022La conmemoraci\u00f3n de esta fecha cont\u00f3 con diversas actividades dirigidas a infantes, as\u00ed como la firma del Pacto por la Disminuci\u00f3n del Uso de Pl\u00e1sticos con empresas privadas La Secretar\u00eda de Medio Ambiente del Estado de Tlaxcala (SMA) llev\u00f3 a cabo una jornada de educaci\u00f3n ambiental con estudiantes de nivel b\u00e1sico y formaliz\u00f3 un pacto [&hellip;]<\/p>\n","protected":false},"author":4,"featured_media":96160,"comment_status":"open","ping_status":"open","sticky":false,"template":"","format":"standard","meta":{"om_disable_all_campaigns":false,"_monsterinsights_skip_tracking":false,"_monsterinsights_sitenote_active":false,"_monsterinsights_sitenote_note":"","_monsterinsights_sitenote_category":0,"jnews-multi-image_gallery":[],"jnews_single_post":{"format":"standard"},"jnews_primary_category":[],"footnotes":""},"categories":[1],"tags":[],"class_list":["post-96159","post","type-post","status-publish","format-standard","has-post-thumbnail","hentry","category-uncategorized"],"aioseo_notices":[],"_links":{"self":[{"href":"https:\/\/estado29.mx\/index.php?rest_route=\/wp\/v2\/posts\/96159","targetHints":{"allow":["GET"]}}],"collection":[{"href":"https:\/\/estado29.mx\/index.php?rest_route=\/wp\/v2\/posts"}],"about":[{"href":"https:\/\/estado29.mx\/index.php?rest_route=\/wp\/v2\/types\/post"}],"author":[{"embeddable":true,"href":"https:\/\/estado29.mx\/index.php?rest_route=\/wp\/v2\/users\/4"}],"replies":[{"embeddable":true,"href":"https:\/\/estado29.mx\/index.php?rest_route=%2Fwp%2Fv2%2Fcomments&post=96159"}],"version-history":[{"count":1,"href":"https:\/\/estado29.mx\/index.php?rest_route=\/wp\/v2\/posts\/96159\/revisions"}],"predecessor-version":[{"id":96161,"href":"https:\/\/estado29.mx\/index.php?rest_route=\/wp\/v2\/posts\/96159\/revisions\/96161"}],"wp:featuredmedia":[{"embeddable":true,"href":"https:\/\/estado29.mx\/index.php?rest_route=\/wp\/v2\/media\/96160"}],"wp:attachment":[{"href":"https:\/\/estado29.mx\/index.php?rest_route=%2Fwp%2Fv2%2Fmedia&parent=96159"}],"wp:term":[{"taxonomy":"category","embeddable":true,"href":"https:\/\/estado29.mx\/index.php?rest_route=%2Fwp%2Fv2%2Fcategories&post=96159"},{"taxonomy":"post_tag","embeddable":true,"href":"https:\/\/estado29.mx\/index.php?rest_route=%2Fwp%2Fv2%2Ftags&post=96159"}],"curies":[{"name":"wp","href":"https:\/\/api.w.org\/{rel}","templated":true}]}}