{"id":96171,"date":"2025-06-17T03:19:14","date_gmt":"2025-06-17T03:19:14","guid":{"rendered":"https:\/\/estado29.mx\/?p=96171"},"modified":"2025-06-17T03:19:14","modified_gmt":"2025-06-17T03:19:14","slug":"caos-vehicular-y-danos-materiales-en-accidente-en-huamantla","status":"publish","type":"post","link":"https:\/\/estado29.mx\/?p=96171","title":{"rendered":"Caos vehicular y da\u00f1os materiales en accidente en Huamantla."},"content":{"rendered":"\n<p>Paco Ugarte.<\/p>\n\n\n\n<p>Durante esta ma\u00f1ana se registr\u00f3 un intenso tr\u00e1fico vehicular sobre la carretera M\u00e9xico &#8211; Veracruz a la altura del municipio de Huamantla, como referencia frente al rancho Santa Clara.<\/p>\n\n\n\n<p>En el lugar, el conductor de un tr\u00e1iler, perdi\u00f3 el control de su unidad, lo que ocasion\u00f3 saliera de la cinta asf\u00e1ltica apunto de impactarse contra una construcci\u00f3n del rancho antes mencionado.<\/p>\n\n\n\n<p>Autoridades ya investigan las causas de este percance, que afortunadamente solo dej\u00f3 da\u00f1os materiales y un intenso caos vehicular mientras autoridades realizaban las maniobras de retiro.<\/p>\n\n\n\n<p>Elementos de la Guardia Nacional abanderaron la zona; finalmente se reabrir la circulaci\u00f3n con direcci\u00f3n a Huamantla.<\/p>\n","protected":false},"excerpt":{"rendered":"<p>Paco Ugarte. Durante esta ma\u00f1ana se registr\u00f3 un intenso tr\u00e1fico vehicular sobre la carretera M\u00e9xico &#8211; Veracruz a la altura del municipio de Huamantla, como referencia frente al rancho Santa Clara. En el lugar, el conductor de un tr\u00e1iler, perdi\u00f3 el control de su unidad, lo que ocasion\u00f3 saliera de la cinta asf\u00e1ltica apunto de [&hellip;]<\/p>\n","protected":false},"author":5,"featured_media":96172,"comment_status":"open","ping_status":"open","sticky":false,"template":"","format":"standard","meta":{"om_disable_all_campaigns":false,"_monsterinsights_skip_tracking":false,"_monsterinsights_sitenote_active":false,"_monsterinsights_sitenote_note":"","_monsterinsights_sitenote_category":0,"jnews-multi-image_gallery":[],"jnews_single_post":{"format":"standard"},"jnews_primary_category":[],"footnotes":""},"categories":[1],"tags":[],"class_list":["post-96171","post","type-post","status-publish","format-standard","has-post-thumbnail","hentry","category-uncategorized"],"aioseo_notices":[],"_links":{"self":[{"href":"https:\/\/estado29.mx\/index.php?rest_route=\/wp\/v2\/posts\/96171","targetHints":{"allow":["GET"]}}],"collection":[{"href":"https:\/\/estado29.mx\/index.php?rest_route=\/wp\/v2\/posts"}],"about":[{"href":"https:\/\/estado29.mx\/index.php?rest_route=\/wp\/v2\/types\/post"}],"author":[{"embeddable":true,"href":"https:\/\/estado29.mx\/index.php?rest_route=\/wp\/v2\/users\/5"}],"replies":[{"embeddable":true,"href":"https:\/\/estado29.mx\/index.php?rest_route=%2Fwp%2Fv2%2Fcomments&post=96171"}],"version-history":[{"count":1,"href":"https:\/\/estado29.mx\/index.php?rest_route=\/wp\/v2\/posts\/96171\/revisions"}],"predecessor-version":[{"id":96173,"href":"https:\/\/estado29.mx\/index.php?rest_route=\/wp\/v2\/posts\/96171\/revisions\/96173"}],"wp:featuredmedia":[{"embeddable":true,"href":"https:\/\/estado29.mx\/index.php?rest_route=\/wp\/v2\/media\/96172"}],"wp:attachment":[{"href":"https:\/\/estado29.mx\/index.php?rest_route=%2Fwp%2Fv2%2Fmedia&parent=96171"}],"wp:term":[{"taxonomy":"category","embeddable":true,"href":"https:\/\/estado29.mx\/index.php?rest_route=%2Fwp%2Fv2%2Fcategories&post=96171"},{"taxonomy":"post_tag","embeddable":true,"href":"https:\/\/estado29.mx\/index.php?rest_route=%2Fwp%2Fv2%2Ftags&post=96171"}],"curies":[{"name":"wp","href":"https:\/\/api.w.org\/{rel}","templated":true}]}}