{"id":96180,"date":"2025-06-17T03:19:14","date_gmt":"2025-06-17T03:19:14","guid":{"rendered":"https:\/\/estado29.mx\/?p=96180"},"modified":"2025-06-17T03:19:14","modified_gmt":"2025-06-17T03:19:14","slug":"el-presidente-municipal-reconoce-a-jovenes-atletas-clasificadas-a-la-etapa-regional-rumbo-a-los-nacionales-conade","status":"publish","type":"post","link":"https:\/\/estado29.mx\/?p=96180","title":{"rendered":"El Presidente Municipal reconoce a j\u00f3venes atletas clasificadas a la etapa regional rumbo a los Nacionales CONADE"},"content":{"rendered":"<figure class=\"wp-block-post-featured-image\"><img loading=\"lazy\" decoding=\"async\" width=\"1600\" height=\"1066\" src=\"https:\/\/estado29.mx\/wp-content\/uploads\/2025\/06\/IMG-20250605-WA0204.jpg\" class=\"attachment-post-thumbnail size-post-thumbnail wp-post-image\" alt=\"\" style=\"object-fit:cover;\" srcset=\"https:\/\/estado29.mx\/wp-content\/uploads\/2025\/06\/IMG-20250605-WA0204.jpg 1600w, https:\/\/estado29.mx\/wp-content\/uploads\/2025\/06\/IMG-20250605-WA0204-300x200.jpg 300w, https:\/\/estado29.mx\/wp-content\/uploads\/2025\/06\/IMG-20250605-WA0204-1024x682.jpg 1024w, https:\/\/estado29.mx\/wp-content\/uploads\/2025\/06\/IMG-20250605-WA0204-768x512.jpg 768w, https:\/\/estado29.mx\/wp-content\/uploads\/2025\/06\/IMG-20250605-WA0204-1536x1023.jpg 1536w, https:\/\/estado29.mx\/wp-content\/uploads\/2025\/06\/IMG-20250605-WA0204-750x500.jpg 750w, https:\/\/estado29.mx\/wp-content\/uploads\/2025\/06\/IMG-20250605-WA0204-1140x760.jpg 1140w\" sizes=\"auto, (max-width: 1600px) 100vw, 1600px\" \/><\/figure>\n\n\n<p>El alcalde felicit\u00f3 a las alumnas clasificadas en Acuatl\u00f3n y reafirm\u00f3 su compromiso de seguir impulsando condiciones que permitan a m\u00e1s j\u00f3venes desarrollar su talento_<\/p>\n\n\n\n<p>El Presidente Municipal de Tlaxcala, Alfonso S\u00e1nchez Garc\u00eda, encabez\u00f3 este mi\u00e9rcoles un acto de reconocimiento a las alumnas de la Academia de Nataci\u00f3n del municipio que obtuvieron su clasificaci\u00f3n a la etapa regional dentro del proceso selectivo rumbo a los Nacionales CONADE, en la disciplina de Acuatl\u00f3n.<\/p>\n\n\n\n<p>Durante el encuentro con las j\u00f3venes promesas del deporte, realizado en el despacho presidencial, el alcalde felicit\u00f3 personalmente a las j\u00f3venes deportistas por su destacada participaci\u00f3n en la fase estatal y, en particular, reconoci\u00f3 el esfuerzo y la dedicaci\u00f3n de la alumna Mar\u00eda Fernanda Sol\u00eds Rodr\u00edguez, quien avanza con paso firme en esta justa deportiva.<\/p>\n\n\n\n<p>El presidente resalt\u00f3 la relevancia del desarrollo del deporte en el municipio y subray\u00f3 que Tlaxcala cuenta con talento, disciplina y pasi\u00f3n, por lo que seguir\u00e1 trabajando para brindar las condiciones necesarias que permitan a m\u00e1s j\u00f3venes alcanzar sus metas.Record\u00f3 que, al inicio de la administraci\u00f3n, el Polideportivo municipal se encontraba en condiciones cr\u00edticas, representando un riesgo para las y los usuarios. Por ello, se decidi\u00f3 intervenir de manera inmediata y con visi\u00f3n de largo plazo, rehabilitando techumbres, la alberca, el pasto sint\u00e9tico, los ba\u00f1os y los juegos, con el objetivo de ofrecer espacios dignos y seguros para el desarrollo de las actividades deportivas.<\/p>\n\n\n\n<p>\u201cHoy celebramos no solo el logro de nuestras atletas, sino tambi\u00e9n el resultado de un esfuerzo colectivo por recuperar y fortalecer nuestros espacios deportivos. El deporte seguir\u00e1 siendo una prioridad en este gobierno municipal\u201d, expres\u00f3 el edil.Por su parte, las alumnas reconocidas expresaron su agradecimiento al presidente municipal y a las distintas \u00e1reas del Ayuntamiento por el respaldo brindado, as\u00ed como por el impulso constante que se otorga a las juventudes del municipio para su pleno desarrollo, tanto en el \u00e1mbito deportivo como personal.<\/p>\n","protected":false},"excerpt":{"rendered":"<p>El alcalde felicit\u00f3 a las alumnas clasificadas en Acuatl\u00f3n y reafirm\u00f3 su compromiso de seguir impulsando condiciones que permitan a m\u00e1s j\u00f3venes desarrollar su talento_ El Presidente Municipal de Tlaxcala, Alfonso S\u00e1nchez Garc\u00eda, encabez\u00f3 este mi\u00e9rcoles un acto de reconocimiento a las alumnas de la Academia de Nataci\u00f3n del municipio que obtuvieron su clasificaci\u00f3n a [&hellip;]<\/p>\n","protected":false},"author":4,"featured_media":96181,"comment_status":"open","ping_status":"open","sticky":false,"template":"","format":"standard","meta":{"om_disable_all_campaigns":false,"_monsterinsights_skip_tracking":false,"_monsterinsights_sitenote_active":false,"_monsterinsights_sitenote_note":"","_monsterinsights_sitenote_category":0,"jnews-multi-image_gallery":[],"jnews_single_post":{"format":"standard"},"jnews_primary_category":[],"footnotes":""},"categories":[1],"tags":[],"class_list":["post-96180","post","type-post","status-publish","format-standard","has-post-thumbnail","hentry","category-uncategorized"],"aioseo_notices":[],"_links":{"self":[{"href":"https:\/\/estado29.mx\/index.php?rest_route=\/wp\/v2\/posts\/96180","targetHints":{"allow":["GET"]}}],"collection":[{"href":"https:\/\/estado29.mx\/index.php?rest_route=\/wp\/v2\/posts"}],"about":[{"href":"https:\/\/estado29.mx\/index.php?rest_route=\/wp\/v2\/types\/post"}],"author":[{"embeddable":true,"href":"https:\/\/estado29.mx\/index.php?rest_route=\/wp\/v2\/users\/4"}],"replies":[{"embeddable":true,"href":"https:\/\/estado29.mx\/index.php?rest_route=%2Fwp%2Fv2%2Fcomments&post=96180"}],"version-history":[{"count":1,"href":"https:\/\/estado29.mx\/index.php?rest_route=\/wp\/v2\/posts\/96180\/revisions"}],"predecessor-version":[{"id":96182,"href":"https:\/\/estado29.mx\/index.php?rest_route=\/wp\/v2\/posts\/96180\/revisions\/96182"}],"wp:featuredmedia":[{"embeddable":true,"href":"https:\/\/estado29.mx\/index.php?rest_route=\/wp\/v2\/media\/96181"}],"wp:attachment":[{"href":"https:\/\/estado29.mx\/index.php?rest_route=%2Fwp%2Fv2%2Fmedia&parent=96180"}],"wp:term":[{"taxonomy":"category","embeddable":true,"href":"https:\/\/estado29.mx\/index.php?rest_route=%2Fwp%2Fv2%2Fcategories&post=96180"},{"taxonomy":"post_tag","embeddable":true,"href":"https:\/\/estado29.mx\/index.php?rest_route=%2Fwp%2Fv2%2Ftags&post=96180"}],"curies":[{"name":"wp","href":"https:\/\/api.w.org\/{rel}","templated":true}]}}