{"id":96254,"date":"2025-06-17T03:19:39","date_gmt":"2025-06-17T03:19:39","guid":{"rendered":"https:\/\/estado29.mx\/?p=96254"},"modified":"2025-06-17T03:21:02","modified_gmt":"2025-06-17T03:21:02","slug":"encabeza-presidente-alfonso-sanchez-la-colecta-con-causa-juntos-por-el-bien-de-todos","status":"publish","type":"post","link":"https:\/\/estado29.mx\/?p=96254","title":{"rendered":"Encabeza presidente Alfonso S\u00e1nchez la Colecta con Causa \u201cJuntos por el Bien de Todos\u201d"},"content":{"rendered":"<figure class=\"wp-block-post-featured-image\"><img loading=\"lazy\" decoding=\"async\" width=\"1600\" height=\"1066\" src=\"https:\/\/estado29.mx\/wp-content\/uploads\/2025\/06\/IMG-20250609-WA0159.jpg\" class=\"attachment-post-thumbnail size-post-thumbnail wp-post-image\" alt=\"\" style=\"object-fit:cover;\" srcset=\"https:\/\/estado29.mx\/wp-content\/uploads\/2025\/06\/IMG-20250609-WA0159.jpg 1600w, https:\/\/estado29.mx\/wp-content\/uploads\/2025\/06\/IMG-20250609-WA0159-300x200.jpg 300w, https:\/\/estado29.mx\/wp-content\/uploads\/2025\/06\/IMG-20250609-WA0159-1024x682.jpg 1024w, https:\/\/estado29.mx\/wp-content\/uploads\/2025\/06\/IMG-20250609-WA0159-768x512.jpg 768w, https:\/\/estado29.mx\/wp-content\/uploads\/2025\/06\/IMG-20250609-WA0159-1536x1023.jpg 1536w, https:\/\/estado29.mx\/wp-content\/uploads\/2025\/06\/IMG-20250609-WA0159-750x500.jpg 750w, https:\/\/estado29.mx\/wp-content\/uploads\/2025\/06\/IMG-20250609-WA0159-1140x760.jpg 1140w\" sizes=\"auto, (max-width: 1600px) 100vw, 1600px\" \/><\/figure>\n\n\n<p>Esta iniciativa, impulsada por el Comit\u00e9 Consultivo de Bienestar y Desarrollo Social en el Estado y organizada por el Ayuntamiento de Tlaxcala busca reunir kilos de alimentos b\u00e1sicos para apoyar a familias vulnerables_ Con la finalidad de apoyar a las familias en situaci\u00f3n de vulnerabilidad, el presidente municipal de Tlaxcala, Alfonso S\u00e1nchez Garc\u00eda, encabez\u00f3 la Colecta con Causa \u201cJuntos por el Bien de Todos\u201d, bajo el lema \u201cKilos de Arroz y Frijol\u201d, en compa\u00f1\u00eda de directores de \u00e1rea y personal del Ayuntamiento de Tlaxcala, quienes se sumaron a esta causa.<\/p>\n\n\n\n<p>La iniciativa, impulsada por el Comit\u00e9 Consultivo de Bienestar y Desarrollo Social en el Estado y organizada por el Ayuntamiento de Tlaxcala en coordinaci\u00f3n con el Banco de Alimentos de Tlaxcala, tiene como prop\u00f3sito reunir alimentos b\u00e1sicos a trav\u00e9s de donaciones voluntarias, para distribuirlos entre personas que carecen de un sustento diario.<\/p>\n\n\n\n<p>Durante su mensaje, el alcalde subray\u00f3 que esta acci\u00f3n forma parte del esfuerzo de su administraci\u00f3n para avanzar hacia una verdadera justicia social:\u201cQueremos que ning\u00fan padre o madre de familia se vea obligado a preocuparse por lo que llevar\u00e1 a su mesa. Que la alimentaci\u00f3n nutritiva y suficiente no sea un lujo, sino un derecho para todas y todos los que habitan este municipio\u201d.<\/p>\n\n\n\n<p>Asimismo, S\u00e1nchez Garc\u00eda explic\u00f3 que se solicitar\u00e1, a trav\u00e9s del Comit\u00e9 Consultivo, que las 29 zonas de atenci\u00f3n prioritaria del municipio de Tlaxcala sean consideradas para la entrega de los alimentos recolectados, lo que permitir\u00e1 ampliar el impacto de la colecta en beneficio de quienes m\u00e1s lo necesitan.<\/p>\n\n\n\n<p>El evento cont\u00f3 con la participaci\u00f3n de trabajadores del Ayuntamiento y p\u00fablico en general, quienes se sumaron de manera activa a esta causa solidaria. Como parte del acto protocolario, se realiz\u00f3 una colecta simb\u00f3lica de arroz y frijol, que se destinar\u00e1n para combatir la desigualdad alimentaria.<\/p>\n\n\n\n<p>Finalmente, el presidente municipal hizo un llamado a todas y todos los servidores p\u00fablicos del Ayuntamiento a seguir contribuyendo a esta causa, convencido de que la uni\u00f3n de voluntades es clave para abrir brechas de bienestar en Tlaxcala.<\/p>\n\n\n\n<p>Esta acci\u00f3n se alinea con el Eje de Bienestar Social del Plan Municipal de Desarrollo 2024\u20132027, en particular con la estrategia de garantizar el acceso a la alimentaci\u00f3n mediante colectas solidarias y atenci\u00f3n a grupos en situaci\u00f3n de vulnerabilidad para garantizarles condiciones que dignifiquen su calidad de vida.<\/p>\n","protected":false},"excerpt":{"rendered":"<p>Esta iniciativa, impulsada por el Comit\u00e9 Consultivo de Bienestar y Desarrollo Social en el Estado y organizada por el Ayuntamiento de Tlaxcala busca reunir kilos de alimentos b\u00e1sicos para apoyar a familias vulnerables_ Con la finalidad de apoyar a las familias en situaci\u00f3n de vulnerabilidad, el presidente municipal de Tlaxcala, Alfonso S\u00e1nchez Garc\u00eda, encabez\u00f3 la [&hellip;]<\/p>\n","protected":false},"author":4,"featured_media":96255,"comment_status":"open","ping_status":"open","sticky":false,"template":"","format":"standard","meta":{"om_disable_all_campaigns":false,"_monsterinsights_skip_tracking":false,"_monsterinsights_sitenote_active":false,"_monsterinsights_sitenote_note":"","_monsterinsights_sitenote_category":0,"jnews-multi-image_gallery":[],"jnews_single_post":{"format":"standard"},"jnews_primary_category":[],"footnotes":""},"categories":[1],"tags":[],"class_list":["post-96254","post","type-post","status-publish","format-standard","has-post-thumbnail","hentry","category-uncategorized"],"aioseo_notices":[],"_links":{"self":[{"href":"https:\/\/estado29.mx\/index.php?rest_route=\/wp\/v2\/posts\/96254","targetHints":{"allow":["GET"]}}],"collection":[{"href":"https:\/\/estado29.mx\/index.php?rest_route=\/wp\/v2\/posts"}],"about":[{"href":"https:\/\/estado29.mx\/index.php?rest_route=\/wp\/v2\/types\/post"}],"author":[{"embeddable":true,"href":"https:\/\/estado29.mx\/index.php?rest_route=\/wp\/v2\/users\/4"}],"replies":[{"embeddable":true,"href":"https:\/\/estado29.mx\/index.php?rest_route=%2Fwp%2Fv2%2Fcomments&post=96254"}],"version-history":[{"count":1,"href":"https:\/\/estado29.mx\/index.php?rest_route=\/wp\/v2\/posts\/96254\/revisions"}],"predecessor-version":[{"id":96256,"href":"https:\/\/estado29.mx\/index.php?rest_route=\/wp\/v2\/posts\/96254\/revisions\/96256"}],"wp:featuredmedia":[{"embeddable":true,"href":"https:\/\/estado29.mx\/index.php?rest_route=\/wp\/v2\/media\/96255"}],"wp:attachment":[{"href":"https:\/\/estado29.mx\/index.php?rest_route=%2Fwp%2Fv2%2Fmedia&parent=96254"}],"wp:term":[{"taxonomy":"category","embeddable":true,"href":"https:\/\/estado29.mx\/index.php?rest_route=%2Fwp%2Fv2%2Fcategories&post=96254"},{"taxonomy":"post_tag","embeddable":true,"href":"https:\/\/estado29.mx\/index.php?rest_route=%2Fwp%2Fv2%2Ftags&post=96254"}],"curies":[{"name":"wp","href":"https:\/\/api.w.org\/{rel}","templated":true}]}}