{"id":96281,"date":"2025-06-17T03:19:39","date_gmt":"2025-06-17T03:19:39","guid":{"rendered":"https:\/\/estado29.mx\/?p=96281"},"modified":"2025-06-17T03:21:02","modified_gmt":"2025-06-17T03:21:02","slug":"gobierno-de-puebla-respalda-postura-diplomatica-de-presidenta-sheinbaum-en-favor-de-derechos-de-migrantes","status":"publish","type":"post","link":"https:\/\/estado29.mx\/?p=96281","title":{"rendered":"Gobierno de Puebla respalda postura diplom\u00e1tica de presidenta Sheinbaum en favor de derechos de migrantes"},"content":{"rendered":"\n<p><\/p>\n\n\n\n<p>-La administraci\u00f3n estatal coordinar\u00e1 un grupo de 10 abogados y abogadas, quienes viajar\u00e1n a Los \u00c1ngeles, California y se incorporar\u00e1n a la Casa de Representaci\u00f3n para la defensa, respaldo y acompa\u00f1amiento de migrantes.<\/p>\n\n\n\n<p>-La presidenta de M\u00e9xico, Claudia Sheinbaum exhort\u00f3 a que los procedimientos migratorios se realicen con apego al debido proceso, en un marco de respeto a la dignidad humana y al Estado de Derecho.<\/p>\n\n\n\n<p>-El gobernador de Puebla, Alejandro Armenta, lament\u00f3 y conden\u00f3 las agresiones y violaciones a los derechos de los paisanos en Estados Unidos.<\/p>\n\n\n\n<p>CIUDAD DE PUEBLA, Pue.- El Gobierno del Estado de Puebla respalda la postura diplom\u00e1tica de la presidenta de M\u00e9xico, Claudia Sheinbaum, y se suma a las acciones que emprenda el Gobierno de M\u00e9xico ante las redadas migratorias desplegadas por las autoridades estadounidenses en Los \u00c1ngeles, California, y en otros estados de la Uni\u00f3n Americana, as\u00ed lo asegur\u00f3 el gobernador Alejandro Armenta durante la rueda de prensa de este lunes.<\/p>\n\n\n\n<p>Subray\u00f3 que no es con redadas, ni con violencia c\u00f3mo se atiende la migraci\u00f3n, sino con una estrategia solidaria y una reforma integral.<\/p>\n\n\n\n<p>Cabe resaltar que, durante la ma\u00f1anera del pueblo, la presidenta de M\u00e9xico, Claudia Sheinbaum, hizo un llamado respetuoso y firme a las autoridades estadounidenses para que todos los procedimientos migratorios se realicen con apego al debido proceso en un marco de respeto a la dignidad humana y al Estado de Derecho. Puntualiz\u00f3 que la migraci\u00f3n debe ser abordada desde una perspectiva integral, humana y con corresponsabilidad regional.<\/p>\n\n\n\n<p>&#8220;M\u00e9xico est\u00e1 en la disposici\u00f3n de continuar colaborando con el Gobierno de Estados Unidos en la b\u00fasqueda de soluciones que privilegien el respeto a los derechos humanos, la legalidad y el desarrollo compartido&#8221;, enfatiz\u00f3 la presidenta.<\/p>\n\n\n\n<p>En este mismo sentido, el gobernador Alejando Armenta lament\u00f3 y conden\u00f3 las agresiones y violaciones a los derechos humanos, e instruy\u00f3 al secretario de Gobernaci\u00f3n, Samuel Aguilar Pala y al coordinador de Gabinete, Jos\u00e9 Luis Garc\u00eda Parra, a integrar un grupo de 10 abogados y abogadas que asistan a Los \u00c1ngeles, California con el objetivo de incorporarse a la Casa de Representaci\u00f3n Por Amor a Puebla, a fin de establecer una defensor\u00eda de los hermanos migrantes. &#8220;Tambi\u00e9n estaremos preparando otro equipo para Nueva York y New Jersey, para tener abogados competentes que defiendan los derechos de los migrantes&#8221;, asever\u00f3 el mandatario.<\/p>\n\n\n\n<p>Por \u00faltimo, el gobernador de Puebla puntualiz\u00f3 que las y los hermanos migrantes son h\u00e9roes y hero\u00ednas de la patria, sostienen a sus familias, a sus comunidades y colaboran con la econom\u00eda de Estados Unidos. Destac\u00f3 que Los \u00c1ngeles y Nueva York no ser\u00edan los grandes estados que son, sin la fuerza laboral de migrantes mexicanos.<\/p>\n","protected":false},"excerpt":{"rendered":"<p>-La administraci\u00f3n estatal coordinar\u00e1 un grupo de 10 abogados y abogadas, quienes viajar\u00e1n a Los \u00c1ngeles, California y se incorporar\u00e1n a la Casa de Representaci\u00f3n para la defensa, respaldo y acompa\u00f1amiento de migrantes. -La presidenta de M\u00e9xico, Claudia Sheinbaum exhort\u00f3 a que los procedimientos migratorios se realicen con apego al debido proceso, en un marco [&hellip;]<\/p>\n","protected":false},"author":4,"featured_media":96282,"comment_status":"open","ping_status":"open","sticky":false,"template":"","format":"standard","meta":{"om_disable_all_campaigns":false,"_monsterinsights_skip_tracking":false,"_monsterinsights_sitenote_active":false,"_monsterinsights_sitenote_note":"","_monsterinsights_sitenote_category":0,"jnews-multi-image_gallery":[],"jnews_single_post":{"format":"standard"},"jnews_primary_category":[],"footnotes":""},"categories":[1],"tags":[],"class_list":["post-96281","post","type-post","status-publish","format-standard","has-post-thumbnail","hentry","category-uncategorized"],"aioseo_notices":[],"_links":{"self":[{"href":"https:\/\/estado29.mx\/index.php?rest_route=\/wp\/v2\/posts\/96281","targetHints":{"allow":["GET"]}}],"collection":[{"href":"https:\/\/estado29.mx\/index.php?rest_route=\/wp\/v2\/posts"}],"about":[{"href":"https:\/\/estado29.mx\/index.php?rest_route=\/wp\/v2\/types\/post"}],"author":[{"embeddable":true,"href":"https:\/\/estado29.mx\/index.php?rest_route=\/wp\/v2\/users\/4"}],"replies":[{"embeddable":true,"href":"https:\/\/estado29.mx\/index.php?rest_route=%2Fwp%2Fv2%2Fcomments&post=96281"}],"version-history":[{"count":1,"href":"https:\/\/estado29.mx\/index.php?rest_route=\/wp\/v2\/posts\/96281\/revisions"}],"predecessor-version":[{"id":96283,"href":"https:\/\/estado29.mx\/index.php?rest_route=\/wp\/v2\/posts\/96281\/revisions\/96283"}],"wp:featuredmedia":[{"embeddable":true,"href":"https:\/\/estado29.mx\/index.php?rest_route=\/wp\/v2\/media\/96282"}],"wp:attachment":[{"href":"https:\/\/estado29.mx\/index.php?rest_route=%2Fwp%2Fv2%2Fmedia&parent=96281"}],"wp:term":[{"taxonomy":"category","embeddable":true,"href":"https:\/\/estado29.mx\/index.php?rest_route=%2Fwp%2Fv2%2Fcategories&post=96281"},{"taxonomy":"post_tag","embeddable":true,"href":"https:\/\/estado29.mx\/index.php?rest_route=%2Fwp%2Fv2%2Ftags&post=96281"}],"curies":[{"name":"wp","href":"https:\/\/api.w.org\/{rel}","templated":true}]}}