{"id":96295,"date":"2025-06-17T04:12:17","date_gmt":"2025-06-17T04:12:17","guid":{"rendered":"https:\/\/estado29.mx\/?p=96295"},"modified":"2025-06-17T04:12:17","modified_gmt":"2025-06-17T04:12:17","slug":"realizan-sia-y-sader-simulacro-para-la-prevencion-del-gusano-barrenador-del-ganado","status":"publish","type":"post","link":"https:\/\/estado29.mx\/?p=96295","title":{"rendered":"Realizan SIA y SADER simulacro para la prevenci\u00f3n del gusano barrenador del ganado"},"content":{"rendered":"\n<p><\/p>\n\n\n\n<p>*Desde el 9 y hasta el 13 de junio, se lleva a cabo en Tlaxcala el Seminario\/ Ejercicio-Simulacro \u201cAUTOSIM II\u201d, enfocado en la prevenci\u00f3n y control de esta plaga<\/p>\n\n\n\n<p>Resultado de la coordinaci\u00f3n entre la Secretar\u00eda de Impulso Agropecuario (SIA), la Secretar\u00eda de Agricultura y Desarrollo Rural (Sader) y el Servicio Nacional de Sanidad, Inocuidad y Calidad Agroalimentaria (Senasica), se realiza en Tlaxcala el Seminario\/Ejercicio\u2013Simulacro \u201cpara la prevenci\u00f3n y control del gusano barrenador del ganado \u201cAUTOSIM II\u201d.<\/p>\n\n\n\n<p>En el encuentro, que se lleva a cabo desde el 9 y hasta el 13 de junio, participan alrededor de 80 profesionales en sanidad animal de Morelos, Veracruz, Guerrero, Puebla, Hidalgo, Estado de M\u00e9xico y Tlaxcala, as\u00ed como personal de las dependencias organizadoras.<\/p>\n\n\n\n<p>El titular de la SIA, Rafael de la Pe\u00f1a Bernal, se\u00f1al\u00f3 que con este tipo de ejercicios se fortalece la capacidad de respuesta institucional y promueve la coordinaci\u00f3n ante contingencias sanitarias que puedan amenazar la sanidad y productividad pecuaria.<\/p>\n\n\n\n<p>La capacitaci\u00f3n est\u00e1 a cargo de Eric Rojas Torres, coordinador de la regi\u00f3n V Sur de la Comisi\u00f3n M\u00e9xico-Estados Unidos para la Prevenci\u00f3n de la Fiebre Aftosa y otras Enfermedades Ex\u00f3ticas de los Animales (CPA) del Senasica, quien dirige las actividades te\u00f3ricas y pr\u00e1cticas enfocadas en la prevenci\u00f3n y, en su caso, erradicaci\u00f3n del gusano barrenador del ganado, plaga que actualmente afecta regiones del sureste del pa\u00eds y la Pen\u00ednsula de Yucat\u00e1n.<\/p>\n\n\n\n<p>Durante los cinco d\u00edas de trabajo, las y los participantes desarrollar\u00e1n un simulacro ante la supuesta presencia de la plaga, formulando en equipos una estrategia integral de combate y contenci\u00f3n, conforme a la normatividad vigente establecida.<\/p>\n\n\n\n<p>En la inauguraci\u00f3n del evento estuvieron Jorge Caballero Rom\u00e1n, representante de Sader en Tlaxcala; Carlos Alc\u00e1zar Ramiro, coordinador operativo de la CPA; Adalit P\u00e9rez Galena, subsecretario de Ganader\u00eda y Pesca de Guerrero y Blanca Palafox L\u00f3pez, directora de promoci\u00f3n y vinculaci\u00f3n de salud animal del Senasica.<\/p>\n","protected":false},"excerpt":{"rendered":"<p>*Desde el 9 y hasta el 13 de junio, se lleva a cabo en Tlaxcala el Seminario\/ Ejercicio-Simulacro \u201cAUTOSIM II\u201d, enfocado en la prevenci\u00f3n y control de esta plaga Resultado de la coordinaci\u00f3n entre la Secretar\u00eda de Impulso Agropecuario (SIA), la Secretar\u00eda de Agricultura y Desarrollo Rural (Sader) y el Servicio Nacional de Sanidad, Inocuidad [&hellip;]<\/p>\n","protected":false},"author":4,"featured_media":96296,"comment_status":"open","ping_status":"open","sticky":false,"template":"","format":"standard","meta":{"om_disable_all_campaigns":false,"_monsterinsights_skip_tracking":false,"_monsterinsights_sitenote_active":false,"_monsterinsights_sitenote_note":"","_monsterinsights_sitenote_category":0,"jnews-multi-image_gallery":[],"jnews_single_post":{"format":"standard"},"jnews_primary_category":[],"footnotes":""},"categories":[1],"tags":[],"class_list":["post-96295","post","type-post","status-publish","format-standard","has-post-thumbnail","hentry","category-uncategorized"],"aioseo_notices":[],"_links":{"self":[{"href":"https:\/\/estado29.mx\/index.php?rest_route=\/wp\/v2\/posts\/96295","targetHints":{"allow":["GET"]}}],"collection":[{"href":"https:\/\/estado29.mx\/index.php?rest_route=\/wp\/v2\/posts"}],"about":[{"href":"https:\/\/estado29.mx\/index.php?rest_route=\/wp\/v2\/types\/post"}],"author":[{"embeddable":true,"href":"https:\/\/estado29.mx\/index.php?rest_route=\/wp\/v2\/users\/4"}],"replies":[{"embeddable":true,"href":"https:\/\/estado29.mx\/index.php?rest_route=%2Fwp%2Fv2%2Fcomments&post=96295"}],"version-history":[{"count":1,"href":"https:\/\/estado29.mx\/index.php?rest_route=\/wp\/v2\/posts\/96295\/revisions"}],"predecessor-version":[{"id":96297,"href":"https:\/\/estado29.mx\/index.php?rest_route=\/wp\/v2\/posts\/96295\/revisions\/96297"}],"wp:featuredmedia":[{"embeddable":true,"href":"https:\/\/estado29.mx\/index.php?rest_route=\/wp\/v2\/media\/96296"}],"wp:attachment":[{"href":"https:\/\/estado29.mx\/index.php?rest_route=%2Fwp%2Fv2%2Fmedia&parent=96295"}],"wp:term":[{"taxonomy":"category","embeddable":true,"href":"https:\/\/estado29.mx\/index.php?rest_route=%2Fwp%2Fv2%2Fcategories&post=96295"},{"taxonomy":"post_tag","embeddable":true,"href":"https:\/\/estado29.mx\/index.php?rest_route=%2Fwp%2Fv2%2Ftags&post=96295"}],"curies":[{"name":"wp","href":"https:\/\/api.w.org\/{rel}","templated":true}]}}