{"id":96301,"date":"2025-06-17T04:12:17","date_gmt":"2025-06-17T04:12:17","guid":{"rendered":"https:\/\/estado29.mx\/?p=96301"},"modified":"2025-06-17T04:12:17","modified_gmt":"2025-06-17T04:12:17","slug":"pone-cepc-en-marcha-protocolo-de-actuacion-por-lluvias","status":"publish","type":"post","link":"https:\/\/estado29.mx\/?p=96301","title":{"rendered":"Pone CEPC en marcha protocolo de actuaci\u00f3n por lluvias"},"content":{"rendered":"\n<p><\/p>\n\n\n\n<p>*Ca\u00edda de techumbre en Tepeyanco no representa riesgo para la poblaci\u00f3n; acordonan \u00e1rea para continuar con trabajos de monitoreo y prevenci\u00f3n<\/p>\n\n\n\n<p>La Coordinaci\u00f3n Estatal de Protecci\u00f3n Civil (CEPC) informa que, como resultado de las lluvias acompa\u00f1adas de granizo y de fuertes vientos registradas durante la tarde de este mi\u00e9rcoles, se report\u00f3 el colapso de la techumbre de una gasolinera ubicada en la Colonia La Aurora, sobre la carretera federal Tlaxcala-Puebla, en el municipio de Tepeyanco.<\/p>\n\n\n\n<figure class=\"wp-block-image size-large\"><img loading=\"lazy\" decoding=\"async\" width=\"1024\" height=\"768\" src=\"https:\/\/estado29.mx\/wp-content\/uploads\/2025\/06\/57f887e3-406c-47a9-8630-07632146ab06-1024x768.jpg\" alt=\"\" class=\"wp-image-96303\" srcset=\"https:\/\/estado29.mx\/wp-content\/uploads\/2025\/06\/57f887e3-406c-47a9-8630-07632146ab06-1024x768.jpg 1024w, https:\/\/estado29.mx\/wp-content\/uploads\/2025\/06\/57f887e3-406c-47a9-8630-07632146ab06-300x225.jpg 300w, https:\/\/estado29.mx\/wp-content\/uploads\/2025\/06\/57f887e3-406c-47a9-8630-07632146ab06-768x576.jpg 768w, https:\/\/estado29.mx\/wp-content\/uploads\/2025\/06\/57f887e3-406c-47a9-8630-07632146ab06-750x563.jpg 750w, https:\/\/estado29.mx\/wp-content\/uploads\/2025\/06\/57f887e3-406c-47a9-8630-07632146ab06-1140x855.jpg 1140w, https:\/\/estado29.mx\/wp-content\/uploads\/2025\/06\/57f887e3-406c-47a9-8630-07632146ab06.jpg 1280w\" sizes=\"auto, (max-width: 1024px) 100vw, 1024px\" \/><\/figure>\n\n\n\n<p>De manera inmediata, personal de dicha coordinaci\u00f3n acudi\u00f3 al sitio para aplicar los protocolos de actuaci\u00f3n y medidas de seguridad correspondientes, con el objetivo de salvaguardar la integridad de la poblaci\u00f3n.<\/p>\n\n\n\n<figure class=\"wp-block-image size-large\"><img loading=\"lazy\" decoding=\"async\" width=\"1024\" height=\"768\" src=\"https:\/\/estado29.mx\/wp-content\/uploads\/2025\/06\/cf368995-e667-4fdb-92b8-331cbfd13135-1024x768.jpg\" alt=\"\" class=\"wp-image-96304\" srcset=\"https:\/\/estado29.mx\/wp-content\/uploads\/2025\/06\/cf368995-e667-4fdb-92b8-331cbfd13135-1024x768.jpg 1024w, https:\/\/estado29.mx\/wp-content\/uploads\/2025\/06\/cf368995-e667-4fdb-92b8-331cbfd13135-300x225.jpg 300w, https:\/\/estado29.mx\/wp-content\/uploads\/2025\/06\/cf368995-e667-4fdb-92b8-331cbfd13135-768x576.jpg 768w, https:\/\/estado29.mx\/wp-content\/uploads\/2025\/06\/cf368995-e667-4fdb-92b8-331cbfd13135-750x563.jpg 750w, https:\/\/estado29.mx\/wp-content\/uploads\/2025\/06\/cf368995-e667-4fdb-92b8-331cbfd13135-1140x855.jpg 1140w, https:\/\/estado29.mx\/wp-content\/uploads\/2025\/06\/cf368995-e667-4fdb-92b8-331cbfd13135.jpg 1280w\" sizes=\"auto, (max-width: 1024px) 100vw, 1024px\" \/><\/figure>\n\n\n\n<p>Hasta el momento no se reportan personas lesionadas y se confirma que no existe riesgo para la poblaci\u00f3n cercana. Como medida preventiva, las labores dentro de las instalaciones de la gasolinera han parado, la zona ha sido acordonada y se limit\u00f3 el acceso a las instalaciones en una tienda de conveniencia, la zona del incidente se mantiene bajo resguardo mientras se espera el arribo del personal correspondiente.<\/p>\n\n\n\n<p>La CEPC continuar\u00e1 monitoreando la situaci\u00f3n y exhorta a la ciudadan\u00eda a mantenerse informada a trav\u00e9s de los canales oficiales.<\/p>\n","protected":false},"excerpt":{"rendered":"<p>*Ca\u00edda de techumbre en Tepeyanco no representa riesgo para la poblaci\u00f3n; acordonan \u00e1rea para continuar con trabajos de monitoreo y prevenci\u00f3n La Coordinaci\u00f3n Estatal de Protecci\u00f3n Civil (CEPC) informa que, como resultado de las lluvias acompa\u00f1adas de granizo y de fuertes vientos registradas durante la tarde de este mi\u00e9rcoles, se report\u00f3 el colapso de la [&hellip;]<\/p>\n","protected":false},"author":4,"featured_media":96302,"comment_status":"open","ping_status":"open","sticky":false,"template":"","format":"standard","meta":{"om_disable_all_campaigns":false,"_monsterinsights_skip_tracking":false,"_monsterinsights_sitenote_active":false,"_monsterinsights_sitenote_note":"","_monsterinsights_sitenote_category":0,"jnews-multi-image_gallery":[],"jnews_single_post":{"format":"standard"},"jnews_primary_category":[],"footnotes":""},"categories":[1],"tags":[],"class_list":["post-96301","post","type-post","status-publish","format-standard","has-post-thumbnail","hentry","category-uncategorized"],"aioseo_notices":[],"_links":{"self":[{"href":"https:\/\/estado29.mx\/index.php?rest_route=\/wp\/v2\/posts\/96301","targetHints":{"allow":["GET"]}}],"collection":[{"href":"https:\/\/estado29.mx\/index.php?rest_route=\/wp\/v2\/posts"}],"about":[{"href":"https:\/\/estado29.mx\/index.php?rest_route=\/wp\/v2\/types\/post"}],"author":[{"embeddable":true,"href":"https:\/\/estado29.mx\/index.php?rest_route=\/wp\/v2\/users\/4"}],"replies":[{"embeddable":true,"href":"https:\/\/estado29.mx\/index.php?rest_route=%2Fwp%2Fv2%2Fcomments&post=96301"}],"version-history":[{"count":1,"href":"https:\/\/estado29.mx\/index.php?rest_route=\/wp\/v2\/posts\/96301\/revisions"}],"predecessor-version":[{"id":96305,"href":"https:\/\/estado29.mx\/index.php?rest_route=\/wp\/v2\/posts\/96301\/revisions\/96305"}],"wp:featuredmedia":[{"embeddable":true,"href":"https:\/\/estado29.mx\/index.php?rest_route=\/wp\/v2\/media\/96302"}],"wp:attachment":[{"href":"https:\/\/estado29.mx\/index.php?rest_route=%2Fwp%2Fv2%2Fmedia&parent=96301"}],"wp:term":[{"taxonomy":"category","embeddable":true,"href":"https:\/\/estado29.mx\/index.php?rest_route=%2Fwp%2Fv2%2Fcategories&post=96301"},{"taxonomy":"post_tag","embeddable":true,"href":"https:\/\/estado29.mx\/index.php?rest_route=%2Fwp%2Fv2%2Ftags&post=96301"}],"curies":[{"name":"wp","href":"https:\/\/api.w.org\/{rel}","templated":true}]}}