{"id":96306,"date":"2025-06-17T04:12:17","date_gmt":"2025-06-17T04:12:17","guid":{"rendered":"https:\/\/estado29.mx\/?p=96306"},"modified":"2025-06-17T04:12:17","modified_gmt":"2025-06-17T04:12:17","slug":"gobierno-estatal-reitera-disposicion-al-dialogo-con-trabajadores-sindicalizados-de-salud","status":"publish","type":"post","link":"https:\/\/estado29.mx\/?p=96306","title":{"rendered":"Gobierno estatal reitera disposici\u00f3n al di\u00e1logo con trabajadores sindicalizados de salud"},"content":{"rendered":"\n<p><\/p>\n\n\n\n<p>-La Secretar\u00eda de Salud y el IMSS-Bienestar reconocen el derecho leg\u00edtimo a manifestarse.<\/p>\n\n\n\n<p>CIUDAD DE PUEBLA, Pue.- Ante las movilizaciones programadas para este mi\u00e9rcoles por parte de la Secci\u00f3n 25 del Sindicato Nacional de Trabajadores de la Secretar\u00eda de Salud (SNTSA), la Secretar\u00eda de Salud, en coordinaci\u00f3n con IMSS-Bienestar, informa que se mantiene un compromiso con el respeto a los derechos laborales de las y los trabajadores del sector salud.<\/p>\n\n\n\n<p>La dependencia estatal reconoce el derecho leg\u00edtimo a manifestarse, en el marco de la legalidad y el respeto mutuo. A la vez que reitera su disposici\u00f3n permanente al di\u00e1logo y a la instalaci\u00f3n de mesas de di\u00e1logo que permitan construir acuerdos que beneficien tanto al personal como a la poblaci\u00f3n usuaria.<\/p>\n\n\n\n<p>Es importante se\u00f1alar que la dependencia trabaja de manera constante en la atenci\u00f3n de las demandas planteadas, entre ellas el abasto de medicamentos, el cual actualmente se encuentra entre un 60 y 70 por ciento, mientras se avanza para alcanzar niveles \u00f3ptimos de cobertura.<\/p>\n\n\n\n<p>Asimismo, tal como lo han expresado la presidenta Claudia Sheinbaum y el gobernador Alejandro Armenta, una de las prioridades es la regularizaci\u00f3n y homologaci\u00f3n de plazas laborales al personal del sector salud, como parte del fortalecimiento del sistema p\u00fablico.<\/p>\n\n\n\n<p>El Gobierno del Estado de Puebla, a trav\u00e9s de los Servicios de Salud y del IMSS-Bienestar, reitera su compromiso con una atenci\u00f3n digna, eficiente y humana, as\u00ed como con el fortalecimiento del di\u00e1logo institucional que garantice condiciones justas para el personal de salud y una mejor atenci\u00f3n para la poblaci\u00f3n.<\/p>\n","protected":false},"excerpt":{"rendered":"<p>-La Secretar\u00eda de Salud y el IMSS-Bienestar reconocen el derecho leg\u00edtimo a manifestarse. CIUDAD DE PUEBLA, Pue.- Ante las movilizaciones programadas para este mi\u00e9rcoles por parte de la Secci\u00f3n 25 del Sindicato Nacional de Trabajadores de la Secretar\u00eda de Salud (SNTSA), la Secretar\u00eda de Salud, en coordinaci\u00f3n con IMSS-Bienestar, informa que se mantiene un compromiso [&hellip;]<\/p>\n","protected":false},"author":4,"featured_media":96307,"comment_status":"open","ping_status":"open","sticky":false,"template":"","format":"standard","meta":{"om_disable_all_campaigns":false,"_monsterinsights_skip_tracking":false,"_monsterinsights_sitenote_active":false,"_monsterinsights_sitenote_note":"","_monsterinsights_sitenote_category":0,"jnews-multi-image_gallery":[],"jnews_single_post":{"format":"standard"},"jnews_primary_category":[],"footnotes":""},"categories":[1],"tags":[],"class_list":["post-96306","post","type-post","status-publish","format-standard","has-post-thumbnail","hentry","category-uncategorized"],"aioseo_notices":[],"_links":{"self":[{"href":"https:\/\/estado29.mx\/index.php?rest_route=\/wp\/v2\/posts\/96306","targetHints":{"allow":["GET"]}}],"collection":[{"href":"https:\/\/estado29.mx\/index.php?rest_route=\/wp\/v2\/posts"}],"about":[{"href":"https:\/\/estado29.mx\/index.php?rest_route=\/wp\/v2\/types\/post"}],"author":[{"embeddable":true,"href":"https:\/\/estado29.mx\/index.php?rest_route=\/wp\/v2\/users\/4"}],"replies":[{"embeddable":true,"href":"https:\/\/estado29.mx\/index.php?rest_route=%2Fwp%2Fv2%2Fcomments&post=96306"}],"version-history":[{"count":1,"href":"https:\/\/estado29.mx\/index.php?rest_route=\/wp\/v2\/posts\/96306\/revisions"}],"predecessor-version":[{"id":96308,"href":"https:\/\/estado29.mx\/index.php?rest_route=\/wp\/v2\/posts\/96306\/revisions\/96308"}],"wp:featuredmedia":[{"embeddable":true,"href":"https:\/\/estado29.mx\/index.php?rest_route=\/wp\/v2\/media\/96307"}],"wp:attachment":[{"href":"https:\/\/estado29.mx\/index.php?rest_route=%2Fwp%2Fv2%2Fmedia&parent=96306"}],"wp:term":[{"taxonomy":"category","embeddable":true,"href":"https:\/\/estado29.mx\/index.php?rest_route=%2Fwp%2Fv2%2Fcategories&post=96306"},{"taxonomy":"post_tag","embeddable":true,"href":"https:\/\/estado29.mx\/index.php?rest_route=%2Fwp%2Fv2%2Ftags&post=96306"}],"curies":[{"name":"wp","href":"https:\/\/api.w.org\/{rel}","templated":true}]}}