{"id":96309,"date":"2025-06-17T04:12:17","date_gmt":"2025-06-17T04:12:17","guid":{"rendered":"https:\/\/estado29.mx\/?p=96309"},"modified":"2025-06-17T04:12:17","modified_gmt":"2025-06-17T04:12:17","slug":"inicia-la-confeccion-del-vestido-de-la-virgen-de-la-caridad","status":"publish","type":"post","link":"https:\/\/estado29.mx\/?p=96309","title":{"rendered":"Inicia la confecci\u00f3n del vestido de la Virgen de la Caridad."},"content":{"rendered":"\n<p>Paco Ugarte.<\/p>\n\n\n\n<p>Mar\u00eda Graciela Espino Dom\u00ednguez, bordadora del vestido de la Virgen de la Caridad en Huamantla desde hace m\u00e1s de 50 a\u00f1os, comparti\u00f3 para este medio de comunicaci\u00f3n detalles sobre el inicio de confecci\u00f3n del mismo.<\/p>\n\n\n\n<p>Expres\u00f3 que para este 2025, el vestigio tendr\u00e1 una tem\u00e1tica referente al Jubileo evento trascendental dentro de la Iglesia Cat\u00f3lica que se celebra cada 25 a\u00f1os, invitando a los fieles de todo el mundo a un tiempo de renovaci\u00f3n espiritual, reconciliaci\u00f3n y encuentro.<\/p>\n\n\n\n<p>Expres\u00f3 que nuevamente se utilizar\u00e1 hilo de oro, piedras preciosas y otro materiales que se utilizan a\u00f1o con a\u00f1o, aunado al tono del color azul que este 2025 aumentar\u00e1 su intensidad puesto que representar\u00e1 el mar.<\/p>\n\n\n\n<p>Compartieron que para este a\u00f1o son al rededor de 70 bordadoras y bordadores, quienes confeccionen el vestido de la Virgen de la Caridad, incluidas personas de otros estados como Chiapas, Puebla y CDMX; invitando a quienes deseen sumarse a estos trabajos hacerlo a la brevedad para iniciar a tomar pr\u00e1ctica.<\/p>\n","protected":false},"excerpt":{"rendered":"<p>Paco Ugarte. Mar\u00eda Graciela Espino Dom\u00ednguez, bordadora del vestido de la Virgen de la Caridad en Huamantla desde hace m\u00e1s de 50 a\u00f1os, comparti\u00f3 para este medio de comunicaci\u00f3n detalles sobre el inicio de confecci\u00f3n del mismo. Expres\u00f3 que para este 2025, el vestigio tendr\u00e1 una tem\u00e1tica referente al Jubileo evento trascendental dentro de la [&hellip;]<\/p>\n","protected":false},"author":5,"featured_media":96310,"comment_status":"open","ping_status":"open","sticky":false,"template":"","format":"standard","meta":{"om_disable_all_campaigns":false,"_monsterinsights_skip_tracking":false,"_monsterinsights_sitenote_active":false,"_monsterinsights_sitenote_note":"","_monsterinsights_sitenote_category":0,"jnews-multi-image_gallery":[],"jnews_single_post":{"format":"standard"},"jnews_primary_category":[],"footnotes":""},"categories":[1],"tags":[],"class_list":["post-96309","post","type-post","status-publish","format-standard","has-post-thumbnail","hentry","category-uncategorized"],"aioseo_notices":[],"_links":{"self":[{"href":"https:\/\/estado29.mx\/index.php?rest_route=\/wp\/v2\/posts\/96309","targetHints":{"allow":["GET"]}}],"collection":[{"href":"https:\/\/estado29.mx\/index.php?rest_route=\/wp\/v2\/posts"}],"about":[{"href":"https:\/\/estado29.mx\/index.php?rest_route=\/wp\/v2\/types\/post"}],"author":[{"embeddable":true,"href":"https:\/\/estado29.mx\/index.php?rest_route=\/wp\/v2\/users\/5"}],"replies":[{"embeddable":true,"href":"https:\/\/estado29.mx\/index.php?rest_route=%2Fwp%2Fv2%2Fcomments&post=96309"}],"version-history":[{"count":1,"href":"https:\/\/estado29.mx\/index.php?rest_route=\/wp\/v2\/posts\/96309\/revisions"}],"predecessor-version":[{"id":96311,"href":"https:\/\/estado29.mx\/index.php?rest_route=\/wp\/v2\/posts\/96309\/revisions\/96311"}],"wp:featuredmedia":[{"embeddable":true,"href":"https:\/\/estado29.mx\/index.php?rest_route=\/wp\/v2\/media\/96310"}],"wp:attachment":[{"href":"https:\/\/estado29.mx\/index.php?rest_route=%2Fwp%2Fv2%2Fmedia&parent=96309"}],"wp:term":[{"taxonomy":"category","embeddable":true,"href":"https:\/\/estado29.mx\/index.php?rest_route=%2Fwp%2Fv2%2Fcategories&post=96309"},{"taxonomy":"post_tag","embeddable":true,"href":"https:\/\/estado29.mx\/index.php?rest_route=%2Fwp%2Fv2%2Ftags&post=96309"}],"curies":[{"name":"wp","href":"https:\/\/api.w.org\/{rel}","templated":true}]}}