{"id":96327,"date":"2025-06-17T04:12:17","date_gmt":"2025-06-17T04:12:17","guid":{"rendered":"https:\/\/estado29.mx\/?p=96327"},"modified":"2025-06-17T04:12:17","modified_gmt":"2025-06-17T04:12:17","slug":"con-senderos-seguros-tlaxcala-capital-avanza-en-la-prevencion-de-la-violencia-y-el-rescate-de-espacios-publicos","status":"publish","type":"post","link":"https:\/\/estado29.mx\/?p=96327","title":{"rendered":"Con \u201cSenderos Seguros\u201d, Tlaxcala capital avanza en la prevenci\u00f3n de la violencia y el rescate de espacios p\u00fablicos"},"content":{"rendered":"<figure class=\"wp-block-post-featured-image\"><img loading=\"lazy\" decoding=\"async\" width=\"1600\" height=\"1066\" src=\"https:\/\/estado29.mx\/wp-content\/uploads\/2025\/06\/WhatsApp-Image-2025-06-11-at-12.01.37-PM.jpeg\" class=\"attachment-post-thumbnail size-post-thumbnail wp-post-image\" alt=\"\" style=\"object-fit:cover;\" srcset=\"https:\/\/estado29.mx\/wp-content\/uploads\/2025\/06\/WhatsApp-Image-2025-06-11-at-12.01.37-PM.jpeg 1600w, https:\/\/estado29.mx\/wp-content\/uploads\/2025\/06\/WhatsApp-Image-2025-06-11-at-12.01.37-PM-300x200.jpeg 300w, https:\/\/estado29.mx\/wp-content\/uploads\/2025\/06\/WhatsApp-Image-2025-06-11-at-12.01.37-PM-1024x682.jpeg 1024w, https:\/\/estado29.mx\/wp-content\/uploads\/2025\/06\/WhatsApp-Image-2025-06-11-at-12.01.37-PM-768x512.jpeg 768w, https:\/\/estado29.mx\/wp-content\/uploads\/2025\/06\/WhatsApp-Image-2025-06-11-at-12.01.37-PM-1536x1023.jpeg 1536w, https:\/\/estado29.mx\/wp-content\/uploads\/2025\/06\/WhatsApp-Image-2025-06-11-at-12.01.37-PM-750x500.jpeg 750w, https:\/\/estado29.mx\/wp-content\/uploads\/2025\/06\/WhatsApp-Image-2025-06-11-at-12.01.37-PM-1140x760.jpeg 1140w\" sizes=\"auto, (max-width: 1600px) 100vw, 1600px\" \/><\/figure>\n\n\n<p>El Ayuntamiento de Tlaxcala, encabezado por el presidente municipal Alfonso S\u00e1nchez Garc\u00eda, continuar\u00e1 fortaleciendo las acciones en materia de seguridad con el programa \u201cSenderos Seguros: Camina Libre, Camina Segura\u201d, una estrategia que busca priorizar la erradicaci\u00f3n de la violencia de g\u00e9nero en espacios p\u00fablicos mediante la mejora integral de la infraestructura urbana.<\/p>\n\n\n\n<p>Este programa tendr\u00e1 como objetivo principal garantizar que mujeres, ni\u00f1as, adolescentes y todas las personas puedan transitar con libertad y seguridad por las calles del municipio. Para ello, se estar\u00e1n interviniendo espacios p\u00fablicos con acciones que contribuyan al bienestar y a la apropiaci\u00f3n comunitaria de los entornos.<\/p>\n\n\n\n<p>Las acciones espec\u00edficas del programa incluyen: Mejora de la iluminaci\u00f3n p\u00fablica mediante la instalaci\u00f3n de luminarias para asegurar \u00e1reas bien iluminadas durante la noche; rehabilitaci\u00f3n de banquetas y guarniciones, facilitando el tr\u00e1nsito peatonal de forma segura y accesible; balizamiento de avenidas, con pintura de se\u00f1ales viales para una mejor organizaci\u00f3n del tr\u00e1fico y mayor protecci\u00f3n para los peatones.<\/p>\n\n\n\n<p>Asimismo, colocaci\u00f3n de bolardos para delimitar zonas seguras de tr\u00e1nsito peatonal y reducir riesgos en cruces y banquetas; e intervenciones art\u00edsticas, como la creaci\u00f3n de murales y arte urbano con mensajes de paz e inclusi\u00f3n, que fortalecen el sentido de pertenencia y fomentan la participaci\u00f3n comunitaria.<\/p>\n\n\n\n<p>Estas acciones se estar\u00e1n ejecutando en zonas de atenci\u00f3n prioritaria, como en la presidencia de comunidad de San Gabriel Cuauhtla, en la Presidencia de comunidad de Santa Mar\u00eda Acuitlapilco; en la Presidencia de comunidad de Ocotl\u00e1n, en la Delegaci\u00f3n de San Isidro y en el Centro Hist\u00f3rico del municipio de Tlaxcala.<\/p>\n\n\n\n<p>En total, el programa contempla la intervenci\u00f3n de aproximadamente 1.8 kil\u00f3metros de senderos seguros distribuidos en estas demarcaciones, consolidando espacios p\u00fablicos m\u00e1s habitables, iluminados, transitables y, sobre todo, seguros para todas y todos.<\/p>\n\n\n\n<p>El alcalde Alfonso S\u00e1nchez destac\u00f3 que \u201cla seguridad no s\u00f3lo se construye con vigilancia, sino tambi\u00e9n con calles dignas, accesibles y dise\u00f1adas con enfoque de derechos humanos y perspectiva de g\u00e9nero. Con \u2018Senderos Seguros\u2019 estamos recuperando espacios para la ciudadan\u00eda y enviando un mensaje claro: en Tlaxcala, nadie debe caminar con miedo\u201d.<\/p>\n\n\n\n<p>Con este tipo de proyectos, el Ayuntamiento de Tlaxcala reafirma su compromiso por construir una ciudad m\u00e1s justa, incluyente y segura, en la que cada persona pueda ejercer su derecho a vivir y transitar sin violencia.<\/p>\n","protected":false},"excerpt":{"rendered":"<p>El Ayuntamiento de Tlaxcala, encabezado por el presidente municipal Alfonso S\u00e1nchez Garc\u00eda, continuar\u00e1 fortaleciendo las acciones en materia de seguridad con el programa \u201cSenderos Seguros: Camina Libre, Camina Segura\u201d, una estrategia que busca priorizar la erradicaci\u00f3n de la violencia de g\u00e9nero en espacios p\u00fablicos mediante la mejora integral de la infraestructura urbana. Este programa tendr\u00e1 [&hellip;]<\/p>\n","protected":false},"author":4,"featured_media":96328,"comment_status":"open","ping_status":"open","sticky":false,"template":"","format":"standard","meta":{"om_disable_all_campaigns":false,"_monsterinsights_skip_tracking":false,"_monsterinsights_sitenote_active":false,"_monsterinsights_sitenote_note":"","_monsterinsights_sitenote_category":0,"jnews-multi-image_gallery":[],"jnews_single_post":{"format":"standard"},"jnews_primary_category":[],"footnotes":""},"categories":[1],"tags":[],"class_list":["post-96327","post","type-post","status-publish","format-standard","has-post-thumbnail","hentry","category-uncategorized"],"aioseo_notices":[],"_links":{"self":[{"href":"https:\/\/estado29.mx\/index.php?rest_route=\/wp\/v2\/posts\/96327","targetHints":{"allow":["GET"]}}],"collection":[{"href":"https:\/\/estado29.mx\/index.php?rest_route=\/wp\/v2\/posts"}],"about":[{"href":"https:\/\/estado29.mx\/index.php?rest_route=\/wp\/v2\/types\/post"}],"author":[{"embeddable":true,"href":"https:\/\/estado29.mx\/index.php?rest_route=\/wp\/v2\/users\/4"}],"replies":[{"embeddable":true,"href":"https:\/\/estado29.mx\/index.php?rest_route=%2Fwp%2Fv2%2Fcomments&post=96327"}],"version-history":[{"count":1,"href":"https:\/\/estado29.mx\/index.php?rest_route=\/wp\/v2\/posts\/96327\/revisions"}],"predecessor-version":[{"id":96329,"href":"https:\/\/estado29.mx\/index.php?rest_route=\/wp\/v2\/posts\/96327\/revisions\/96329"}],"wp:featuredmedia":[{"embeddable":true,"href":"https:\/\/estado29.mx\/index.php?rest_route=\/wp\/v2\/media\/96328"}],"wp:attachment":[{"href":"https:\/\/estado29.mx\/index.php?rest_route=%2Fwp%2Fv2%2Fmedia&parent=96327"}],"wp:term":[{"taxonomy":"category","embeddable":true,"href":"https:\/\/estado29.mx\/index.php?rest_route=%2Fwp%2Fv2%2Fcategories&post=96327"},{"taxonomy":"post_tag","embeddable":true,"href":"https:\/\/estado29.mx\/index.php?rest_route=%2Fwp%2Fv2%2Ftags&post=96327"}],"curies":[{"name":"wp","href":"https:\/\/api.w.org\/{rel}","templated":true}]}}