{"id":96434,"date":"2025-06-17T04:12:56","date_gmt":"2025-06-17T04:12:56","guid":{"rendered":"https:\/\/estado29.mx\/?p=96434"},"modified":"2025-06-17T04:12:56","modified_gmt":"2025-06-17T04:12:56","slug":"llama-la-coordinacion-de-servicios-publicos-a-la-ciudadania-a-colaborar-ante-retrasos-en-la-recoleccion-de-basura","status":"publish","type":"post","link":"https:\/\/estado29.mx\/?p=96434","title":{"rendered":"LLAMA LA COORDINACI\u00d3N DE SERVICIOS P\u00daBLICOS A LA CIUDADAN\u00cdA A COLABORAR ANTE RETRASOS EN LA RECOLECCI\u00d3N DE BASURA"},"content":{"rendered":"<figure class=\"wp-block-post-featured-image\"><img loading=\"lazy\" decoding=\"async\" width=\"1280\" height=\"853\" src=\"https:\/\/estado29.mx\/wp-content\/uploads\/2025\/06\/WhatsApp-Image-2025-06-11-at-11.14.50-AM.jpeg\" class=\"attachment-post-thumbnail size-post-thumbnail wp-post-image\" alt=\"\" style=\"object-fit:cover;\" srcset=\"https:\/\/estado29.mx\/wp-content\/uploads\/2025\/06\/WhatsApp-Image-2025-06-11-at-11.14.50-AM.jpeg 1280w, https:\/\/estado29.mx\/wp-content\/uploads\/2025\/06\/WhatsApp-Image-2025-06-11-at-11.14.50-AM-300x200.jpeg 300w, https:\/\/estado29.mx\/wp-content\/uploads\/2025\/06\/WhatsApp-Image-2025-06-11-at-11.14.50-AM-1024x682.jpeg 1024w, https:\/\/estado29.mx\/wp-content\/uploads\/2025\/06\/WhatsApp-Image-2025-06-11-at-11.14.50-AM-768x512.jpeg 768w, https:\/\/estado29.mx\/wp-content\/uploads\/2025\/06\/WhatsApp-Image-2025-06-11-at-11.14.50-AM-750x500.jpeg 750w, https:\/\/estado29.mx\/wp-content\/uploads\/2025\/06\/WhatsApp-Image-2025-06-11-at-11.14.50-AM-1140x760.jpeg 1140w\" sizes=\"auto, (max-width: 1280px) 100vw, 1280px\" \/><\/figure>\n\n\n<p><em>S<\/em><em>e pide respetuosamente a la poblaci\u00f3n tomar previsiones y evitar dejar la basura en la v\u00eda p\u00fablica o en lugares no autorizados<\/em><\/p>\n\n\n\n<p>El Ayuntamiento de Huamantla, a trav\u00e9s de la Coordinaci\u00f3n de Servicios Municipales, informa que la recolecci\u00f3n de basura presenta retrasos temporales, debido a que los camiones compactadores no pueden realizar los dep\u00f3sitos en el relleno sanitario en tiempo y forma, a causa del exceso de agua provocado por las recientes lluvias.<\/p>\n\n\n\n<p>Ante esta situaci\u00f3n, se hace un llamado respetuoso a la ciudadan\u00eda para tomar previsiones y evitar dejar la basura en la v\u00eda p\u00fablica o en lugares no autorizados, ya que el Bando de Polic\u00eda y Buen Gobierno establece sanciones para quienes incurran en esta pr\u00e1ctica. El objetivo es mantener limpias las calles y proteger la salud de todos.<\/p>\n\n\n\n<p>Cabe destacar que los caminos que conducen al dep\u00f3sito de basura son de terracer\u00eda, por lo que el exceso de lluvia hace complicado el tr\u00e1nsito en esta zona; a pesar de ello no se ha detenido el servicio, solo se lleva a cabo con mayor precauci\u00f3n.<\/p>\n\n\n\n<p>Finalmente, se agradece la paciencia, comprensi\u00f3n y colaboraci\u00f3n de la ciudadan\u00eda, ya que con su apoyo es posible conservar la buena imagen de Huamantla como Pueblo M\u00e1gico limpio, ordenado y responsable con el medio ambiente.<\/p>\n","protected":false},"excerpt":{"rendered":"<p>Se pide respetuosamente a la poblaci\u00f3n tomar previsiones y evitar dejar la basura en la v\u00eda p\u00fablica o en lugares no autorizados El Ayuntamiento de Huamantla, a trav\u00e9s de la Coordinaci\u00f3n de Servicios Municipales, informa que la recolecci\u00f3n de basura presenta retrasos temporales, debido a que los camiones compactadores no pueden realizar los dep\u00f3sitos en [&hellip;]<\/p>\n","protected":false},"author":9,"featured_media":96435,"comment_status":"open","ping_status":"open","sticky":false,"template":"","format":"standard","meta":{"om_disable_all_campaigns":false,"_monsterinsights_skip_tracking":false,"_monsterinsights_sitenote_active":false,"_monsterinsights_sitenote_note":"","_monsterinsights_sitenote_category":0,"jnews-multi-image_gallery":[],"jnews_single_post":{"format":"standard"},"jnews_primary_category":[],"footnotes":""},"categories":[1],"tags":[],"class_list":["post-96434","post","type-post","status-publish","format-standard","has-post-thumbnail","hentry","category-uncategorized"],"aioseo_notices":[],"_links":{"self":[{"href":"https:\/\/estado29.mx\/index.php?rest_route=\/wp\/v2\/posts\/96434","targetHints":{"allow":["GET"]}}],"collection":[{"href":"https:\/\/estado29.mx\/index.php?rest_route=\/wp\/v2\/posts"}],"about":[{"href":"https:\/\/estado29.mx\/index.php?rest_route=\/wp\/v2\/types\/post"}],"author":[{"embeddable":true,"href":"https:\/\/estado29.mx\/index.php?rest_route=\/wp\/v2\/users\/9"}],"replies":[{"embeddable":true,"href":"https:\/\/estado29.mx\/index.php?rest_route=%2Fwp%2Fv2%2Fcomments&post=96434"}],"version-history":[{"count":1,"href":"https:\/\/estado29.mx\/index.php?rest_route=\/wp\/v2\/posts\/96434\/revisions"}],"predecessor-version":[{"id":96436,"href":"https:\/\/estado29.mx\/index.php?rest_route=\/wp\/v2\/posts\/96434\/revisions\/96436"}],"wp:featuredmedia":[{"embeddable":true,"href":"https:\/\/estado29.mx\/index.php?rest_route=\/wp\/v2\/media\/96435"}],"wp:attachment":[{"href":"https:\/\/estado29.mx\/index.php?rest_route=%2Fwp%2Fv2%2Fmedia&parent=96434"}],"wp:term":[{"taxonomy":"category","embeddable":true,"href":"https:\/\/estado29.mx\/index.php?rest_route=%2Fwp%2Fv2%2Fcategories&post=96434"},{"taxonomy":"post_tag","embeddable":true,"href":"https:\/\/estado29.mx\/index.php?rest_route=%2Fwp%2Fv2%2Ftags&post=96434"}],"curies":[{"name":"wp","href":"https:\/\/api.w.org\/{rel}","templated":true}]}}