{"id":96455,"date":"2025-06-17T04:13:31","date_gmt":"2025-06-17T04:13:31","guid":{"rendered":"https:\/\/estado29.mx\/?p=96455"},"modified":"2025-06-17T04:13:31","modified_gmt":"2025-06-17T04:13:31","slug":"atienden-policias-y-paramedicos-de-huamantla-reporte-por-persona-inconsciente-en-el-barrio-de-san-lucas","status":"publish","type":"post","link":"https:\/\/estado29.mx\/?p=96455","title":{"rendered":"ATIENDEN POLIC\u00cdAS Y PARAM\u00c9DICOS DE HUAMANTLA REPORTE POR PERSONA INCONSCIENTE EN EL BARRIO DE SAN LUCAS"},"content":{"rendered":"<figure class=\"wp-block-post-featured-image\"><img loading=\"lazy\" decoding=\"async\" width=\"1600\" height=\"1067\" src=\"https:\/\/estado29.mx\/wp-content\/uploads\/2025\/06\/WhatsApp-Image-2025-06-12-at-8.17.58-PM.jpeg\" class=\"attachment-post-thumbnail size-post-thumbnail wp-post-image\" alt=\"\" style=\"object-fit:cover;\" srcset=\"https:\/\/estado29.mx\/wp-content\/uploads\/2025\/06\/WhatsApp-Image-2025-06-12-at-8.17.58-PM.jpeg 1600w, https:\/\/estado29.mx\/wp-content\/uploads\/2025\/06\/WhatsApp-Image-2025-06-12-at-8.17.58-PM-300x200.jpeg 300w, https:\/\/estado29.mx\/wp-content\/uploads\/2025\/06\/WhatsApp-Image-2025-06-12-at-8.17.58-PM-1024x683.jpeg 1024w, https:\/\/estado29.mx\/wp-content\/uploads\/2025\/06\/WhatsApp-Image-2025-06-12-at-8.17.58-PM-768x512.jpeg 768w, https:\/\/estado29.mx\/wp-content\/uploads\/2025\/06\/WhatsApp-Image-2025-06-12-at-8.17.58-PM-1536x1024.jpeg 1536w, https:\/\/estado29.mx\/wp-content\/uploads\/2025\/06\/WhatsApp-Image-2025-06-12-at-8.17.58-PM-750x500.jpeg 750w, https:\/\/estado29.mx\/wp-content\/uploads\/2025\/06\/WhatsApp-Image-2025-06-12-at-8.17.58-PM-1140x760.jpeg 1140w\" sizes=\"auto, (max-width: 1600px) 100vw, 1600px\" \/><\/figure>\n\n\n<p>Elementos de la Polic\u00eda Municipal y param\u00e9dicos de Protecci\u00f3n Civil de Huamantla atendieron la ma\u00f1ana de este jueves un llamado de auxilio relacionado con una persona inconsciente en un domicilio ubicado en el Barrio de San Lucas.<\/p>\n\n\n\n<p>Al arribar al lugar, los cuerpos de emergencia encontraron a un hombre recostado sobre la cama, por lo que de inmediato realizaron maniobras de valoraci\u00f3n m\u00e9dica. No obstante, se confirm\u00f3 que esta persona ya no presentaba signos vitales.<\/p>\n\n\n\n<p>De acuerdo con el testimonio de su esposa, el hombre, de 36 a\u00f1os de edad, se fue a dormir la noche anterior como de costumbre; sin embargo, al intentar despertarlo por la ma\u00f1ana, no obtuvo respuesta. La mujer tambi\u00e9n mencion\u00f3 que el fallecido ten\u00eda antecedentes de consumo frecuente de bebidas alcoh\u00f3licas y otras sustancias.<\/p>\n\n\n\n<p>Ante estos hechos, los elementos policiacos procedieron a acordonar el \u00e1rea y dar parte al Servicio M\u00e9dico Forense (SEMEFO) de la Fiscal\u00eda General de Justicia del Estado (FGJE), instancia que se encargar\u00e1 de realizar las investigaciones correspondientes para determinar la causa oficial del deceso.<\/p>\n","protected":false},"excerpt":{"rendered":"<p>Elementos de la Polic\u00eda Municipal y param\u00e9dicos de Protecci\u00f3n Civil de Huamantla atendieron la ma\u00f1ana de este jueves un llamado de auxilio relacionado con una persona inconsciente en un domicilio ubicado en el Barrio de San Lucas. Al arribar al lugar, los cuerpos de emergencia encontraron a un hombre recostado sobre la cama, por lo [&hellip;]<\/p>\n","protected":false},"author":9,"featured_media":96456,"comment_status":"open","ping_status":"open","sticky":false,"template":"","format":"standard","meta":{"om_disable_all_campaigns":false,"_monsterinsights_skip_tracking":false,"_monsterinsights_sitenote_active":false,"_monsterinsights_sitenote_note":"","_monsterinsights_sitenote_category":0,"jnews-multi-image_gallery":[],"jnews_single_post":{"format":"standard"},"jnews_primary_category":[],"footnotes":""},"categories":[1],"tags":[],"class_list":["post-96455","post","type-post","status-publish","format-standard","has-post-thumbnail","hentry","category-uncategorized"],"aioseo_notices":[],"_links":{"self":[{"href":"https:\/\/estado29.mx\/index.php?rest_route=\/wp\/v2\/posts\/96455","targetHints":{"allow":["GET"]}}],"collection":[{"href":"https:\/\/estado29.mx\/index.php?rest_route=\/wp\/v2\/posts"}],"about":[{"href":"https:\/\/estado29.mx\/index.php?rest_route=\/wp\/v2\/types\/post"}],"author":[{"embeddable":true,"href":"https:\/\/estado29.mx\/index.php?rest_route=\/wp\/v2\/users\/9"}],"replies":[{"embeddable":true,"href":"https:\/\/estado29.mx\/index.php?rest_route=%2Fwp%2Fv2%2Fcomments&post=96455"}],"version-history":[{"count":1,"href":"https:\/\/estado29.mx\/index.php?rest_route=\/wp\/v2\/posts\/96455\/revisions"}],"predecessor-version":[{"id":96457,"href":"https:\/\/estado29.mx\/index.php?rest_route=\/wp\/v2\/posts\/96455\/revisions\/96457"}],"wp:featuredmedia":[{"embeddable":true,"href":"https:\/\/estado29.mx\/index.php?rest_route=\/wp\/v2\/media\/96456"}],"wp:attachment":[{"href":"https:\/\/estado29.mx\/index.php?rest_route=%2Fwp%2Fv2%2Fmedia&parent=96455"}],"wp:term":[{"taxonomy":"category","embeddable":true,"href":"https:\/\/estado29.mx\/index.php?rest_route=%2Fwp%2Fv2%2Fcategories&post=96455"},{"taxonomy":"post_tag","embeddable":true,"href":"https:\/\/estado29.mx\/index.php?rest_route=%2Fwp%2Fv2%2Ftags&post=96455"}],"curies":[{"name":"wp","href":"https:\/\/api.w.org\/{rel}","templated":true}]}}