{"id":96458,"date":"2025-06-17T04:13:31","date_gmt":"2025-06-17T04:13:31","guid":{"rendered":"https:\/\/estado29.mx\/?p=96458"},"modified":"2025-06-17T04:13:31","modified_gmt":"2025-06-17T04:13:31","slug":"uamantla-sera-una-de-las-sedes-de-la-super-carrera-de-papa-organizada-por-el-dif-municipal-y-estatal","status":"publish","type":"post","link":"https:\/\/estado29.mx\/?p=96458","title":{"rendered":"HUAMANTLA SER\u00c1 UNA DE LAS SEDES DE LA \u201cS\u00daPER CARRERA DE PAP\u00c1\u201d ORGANIZADA POR EL DIF MUNICIPAL Y ESTATAL"},"content":{"rendered":"<figure class=\"wp-block-post-featured-image\"><img loading=\"lazy\" decoding=\"async\" width=\"1232\" height=\"821\" src=\"https:\/\/estado29.mx\/wp-content\/uploads\/2025\/06\/WhatsApp-Image-2025-06-12-at-8.18.27-PM.jpeg\" class=\"attachment-post-thumbnail size-post-thumbnail wp-post-image\" alt=\"\" style=\"object-fit:cover;\" srcset=\"https:\/\/estado29.mx\/wp-content\/uploads\/2025\/06\/WhatsApp-Image-2025-06-12-at-8.18.27-PM.jpeg 1232w, https:\/\/estado29.mx\/wp-content\/uploads\/2025\/06\/WhatsApp-Image-2025-06-12-at-8.18.27-PM-300x200.jpeg 300w, https:\/\/estado29.mx\/wp-content\/uploads\/2025\/06\/WhatsApp-Image-2025-06-12-at-8.18.27-PM-1024x682.jpeg 1024w, https:\/\/estado29.mx\/wp-content\/uploads\/2025\/06\/WhatsApp-Image-2025-06-12-at-8.18.27-PM-768x512.jpeg 768w, https:\/\/estado29.mx\/wp-content\/uploads\/2025\/06\/WhatsApp-Image-2025-06-12-at-8.18.27-PM-750x500.jpeg 750w, https:\/\/estado29.mx\/wp-content\/uploads\/2025\/06\/WhatsApp-Image-2025-06-12-at-8.18.27-PM-1140x760.jpeg 1140w\" sizes=\"auto, (max-width: 1232px) 100vw, 1232px\" \/><\/figure>\n\n\n<p>Huamantla ser\u00e1 una de las seis sedes oficiales de la \u201cS\u00faper Carrera de Pap\u00e1\u201d, evento que en este Pueblo M\u00e1gico ser\u00e1 coordinado entre el Sistema Municipal DIF (SMDIF) y el Sistema Estatal para el Desarrollo Integral de la Familia (SEDIF), a fin de celebrar el D\u00eda del Padre con una jornada de deporte, convivencia y alegr\u00eda familiar.<\/p>\n\n\n\n<p>Esta actividad fue presentada a trav\u00e9s de una conferencia de prensa organizada por el Gobierno del Estado, donde la Presidenta Honor\u00edfica del SMDIF Huamantla, Mar\u00eda del Roc\u00edo Hern\u00e1ndez Castillo, confirm\u00f3 la participaci\u00f3n del municipio en esta actividad que busca fortalecer los lazos familiares a trav\u00e9s del juego y la inclusi\u00f3n.<\/p>\n\n\n\n<p>En su oportunidad, la presidenta del SEDIF Tlaxcala, Mariana Espinosa de los Monteros Cu\u00e9llar, destac\u00f3 la participaci\u00f3n de Huamantla en este evento, que permitir\u00e1 una mayor presencia de las familias en esta gran celebraci\u00f3n.<\/p>\n\n\n\n<p>La carrera se realizar\u00e1 el s\u00e1bado 28 de junio, a partir de las 7:00 de la ma\u00f1ana y tendr\u00e1 como punto de salida el Parque Ju\u00e1rez, con un recorrido que incluye las calles Hidalgo, Roberto Covarrubias, Morelos y nuevamente Ju\u00e1rez.<\/p>\n\n\n\n<p>La participaci\u00f3n ser\u00e1 gratuita y est\u00e1 abierta a padres, hijos, hijas y acompa\u00f1antes, quienes podr\u00e1n sumarse caminando, corriendo, en patines, bicicleta o carriola, e incluso acompa\u00f1ados de sus mascotas.<\/p>\n\n\n\n<p>Como parte del ambiente festivo, se invita a los asistentes a ir disfrazados de su superh\u00e9roe favorito o de una profesi\u00f3n que les inspire.<\/p>\n\n\n\n<p>Las inscripciones se llevar\u00e1n a cabo la sede del SMDIF Huamantla, con direcci\u00f3n en Fernando Carrasco 101, en un horario de 8:00 a 16:00 horas. Los primeros 250 inscritos recibir\u00e1n un kit con la playera conmemorativa, todos los participantes obtendr\u00e1n una medalla al finalizar y se realizar\u00e1 una rifa con premios para los pap\u00e1s registrados.<\/p>\n\n\n\n<p>Cabe destacar que el resto de las sedes en las que se llevar\u00e1 a cabo esta carrera de forma simult\u00e1nea son: Apizaco, Calpulalpan, Chiautempan, Tlaxcala y Zacatelco.<\/p>\n","protected":false},"excerpt":{"rendered":"<p>Huamantla ser\u00e1 una de las seis sedes oficiales de la \u201cS\u00faper Carrera de Pap\u00e1\u201d, evento que en este Pueblo M\u00e1gico ser\u00e1 coordinado entre el Sistema Municipal DIF (SMDIF) y el Sistema Estatal para el Desarrollo Integral de la Familia (SEDIF), a fin de celebrar el D\u00eda del Padre con una jornada de deporte, convivencia y [&hellip;]<\/p>\n","protected":false},"author":9,"featured_media":96459,"comment_status":"open","ping_status":"open","sticky":false,"template":"","format":"standard","meta":{"om_disable_all_campaigns":false,"_monsterinsights_skip_tracking":false,"_monsterinsights_sitenote_active":false,"_monsterinsights_sitenote_note":"","_monsterinsights_sitenote_category":0,"jnews-multi-image_gallery":[],"jnews_single_post":{"format":"standard"},"jnews_primary_category":[],"footnotes":""},"categories":[1],"tags":[],"class_list":["post-96458","post","type-post","status-publish","format-standard","has-post-thumbnail","hentry","category-uncategorized"],"aioseo_notices":[],"_links":{"self":[{"href":"https:\/\/estado29.mx\/index.php?rest_route=\/wp\/v2\/posts\/96458","targetHints":{"allow":["GET"]}}],"collection":[{"href":"https:\/\/estado29.mx\/index.php?rest_route=\/wp\/v2\/posts"}],"about":[{"href":"https:\/\/estado29.mx\/index.php?rest_route=\/wp\/v2\/types\/post"}],"author":[{"embeddable":true,"href":"https:\/\/estado29.mx\/index.php?rest_route=\/wp\/v2\/users\/9"}],"replies":[{"embeddable":true,"href":"https:\/\/estado29.mx\/index.php?rest_route=%2Fwp%2Fv2%2Fcomments&post=96458"}],"version-history":[{"count":2,"href":"https:\/\/estado29.mx\/index.php?rest_route=\/wp\/v2\/posts\/96458\/revisions"}],"predecessor-version":[{"id":96461,"href":"https:\/\/estado29.mx\/index.php?rest_route=\/wp\/v2\/posts\/96458\/revisions\/96461"}],"wp:featuredmedia":[{"embeddable":true,"href":"https:\/\/estado29.mx\/index.php?rest_route=\/wp\/v2\/media\/96459"}],"wp:attachment":[{"href":"https:\/\/estado29.mx\/index.php?rest_route=%2Fwp%2Fv2%2Fmedia&parent=96458"}],"wp:term":[{"taxonomy":"category","embeddable":true,"href":"https:\/\/estado29.mx\/index.php?rest_route=%2Fwp%2Fv2%2Fcategories&post=96458"},{"taxonomy":"post_tag","embeddable":true,"href":"https:\/\/estado29.mx\/index.php?rest_route=%2Fwp%2Fv2%2Ftags&post=96458"}],"curies":[{"name":"wp","href":"https:\/\/api.w.org\/{rel}","templated":true}]}}