{"id":96487,"date":"2025-06-15T21:54:27","date_gmt":"2025-06-15T21:54:27","guid":{"rendered":"https:\/\/estado29.mx\/?p=96487"},"modified":"2025-06-15T21:54:28","modified_gmt":"2025-06-15T21:54:28","slug":"reconoce-salvador-santos-cedillo-labor-de-comunicadores-y-anuncia-relevo-en-comunicacion-social","status":"publish","type":"post","link":"https:\/\/estado29.mx\/?p=96487","title":{"rendered":"Reconoce Salvador Santos Cedillo labor de comunicadores y anuncia relevo en Comunicaci\u00f3n Social"},"content":{"rendered":"<figure class=\"wp-block-post-featured-image\"><img loading=\"lazy\" decoding=\"async\" width=\"2560\" height=\"1705\" src=\"https:\/\/estado29.mx\/wp-content\/uploads\/2025\/06\/WhatsApp-Image-2025-06-15-at-11.26.03-AM-scaled.jpeg\" class=\"attachment-post-thumbnail size-post-thumbnail wp-post-image\" alt=\"\" style=\"object-fit:cover;\" srcset=\"https:\/\/estado29.mx\/wp-content\/uploads\/2025\/06\/WhatsApp-Image-2025-06-15-at-11.26.03-AM-scaled.jpeg 2560w, https:\/\/estado29.mx\/wp-content\/uploads\/2025\/06\/WhatsApp-Image-2025-06-15-at-11.26.03-AM-300x200.jpeg 300w, https:\/\/estado29.mx\/wp-content\/uploads\/2025\/06\/WhatsApp-Image-2025-06-15-at-11.26.03-AM-1024x682.jpeg 1024w, https:\/\/estado29.mx\/wp-content\/uploads\/2025\/06\/WhatsApp-Image-2025-06-15-at-11.26.03-AM-768x511.jpeg 768w, https:\/\/estado29.mx\/wp-content\/uploads\/2025\/06\/WhatsApp-Image-2025-06-15-at-11.26.03-AM-1536x1023.jpeg 1536w, https:\/\/estado29.mx\/wp-content\/uploads\/2025\/06\/WhatsApp-Image-2025-06-15-at-11.26.03-AM-2048x1364.jpeg 2048w, https:\/\/estado29.mx\/wp-content\/uploads\/2025\/06\/WhatsApp-Image-2025-06-15-at-11.26.03-AM-750x499.jpeg 750w, https:\/\/estado29.mx\/wp-content\/uploads\/2025\/06\/WhatsApp-Image-2025-06-15-at-11.26.03-AM-1140x759.jpeg 1140w\" sizes=\"auto, (max-width: 2560px) 100vw, 2560px\" \/><\/figure>\n\n\n<p>Huamantla, Tlaxcala \u2013 En un encuentro con representantes de medios de comunicaci\u00f3n de la regi\u00f3n, el presidente municipal de Huamantla, Salvador Santos Cedillo, reconoci\u00f3 la importante labor que realizan las y los comunicadores en favor de una sociedad informada y agradeci\u00f3 el ejercicio period\u00edstico responsable que desarrollan diariamente.<\/p>\n\n\n\n<p>Durante la reuni\u00f3n, el edil destac\u00f3 la relevancia del trabajo de los medios locales en la difusi\u00f3n de las acciones de gobierno, as\u00ed como su papel fundamental en mantener una ciudadan\u00eda cr\u00edtica y participativa. \u201cSu labor fortalece nuestro municipio y permite que las y los huamantlecos conozcan de primera mano lo que sucede\u201d, se\u00f1al\u00f3.<\/p>\n\n\n\n<p>En este mismo acto, el presidente municipal anunci\u00f3 un cambio interno en la Coordinaci\u00f3n de Comunicaci\u00f3n Social del Ayuntamiento. Inform\u00f3 que el Mtro. Marcos Herrera Rold\u00e1n deja la administraci\u00f3n para continuar con proyectos personales, agradeci\u00e9ndole p\u00fablicamente su compromiso, profesionalismo y el trabajo realizado durante su gesti\u00f3n.<\/p>\n\n\n\n<p>Como nuevo titular de la Coordinaci\u00f3n fue designado el Lic. Guillermo Amador Carrasco, quien asume el cargo con la encomienda de dar continuidad a los esfuerzos institucionales en materia de comunicaci\u00f3n, fortaleciendo los lazos con los medios de informaci\u00f3n y asegurando una difusi\u00f3n clara, oportuna y transparente de las acciones del gobierno municipal.<\/p>\n\n\n\n<p>Finalmente, Salvador Santos Cedillo reafirm\u00f3 su compromiso de seguir trabajando de la mano con el gremio period\u00edstico, reconociendo su papel fundamental en la construcci\u00f3n de un Huamantla m\u00e1s informado, justo y participativo.<\/p>\n","protected":false},"excerpt":{"rendered":"<p>Huamantla, Tlaxcala \u2013 En un encuentro con representantes de medios de comunicaci\u00f3n de la regi\u00f3n, el presidente municipal de Huamantla, Salvador Santos Cedillo, reconoci\u00f3 la importante labor que realizan las y los comunicadores en favor de una sociedad informada y agradeci\u00f3 el ejercicio period\u00edstico responsable que desarrollan diariamente. Durante la reuni\u00f3n, el edil destac\u00f3 la [&hellip;]<\/p>\n","protected":false},"author":4,"featured_media":96488,"comment_status":"open","ping_status":"open","sticky":false,"template":"","format":"standard","meta":{"om_disable_all_campaigns":false,"_monsterinsights_skip_tracking":false,"_monsterinsights_sitenote_active":false,"_monsterinsights_sitenote_note":"","_monsterinsights_sitenote_category":0,"jnews-multi-image_gallery":[],"jnews_single_post":{"format":"standard"},"jnews_primary_category":[],"footnotes":""},"categories":[1],"tags":[],"class_list":["post-96487","post","type-post","status-publish","format-standard","has-post-thumbnail","hentry","category-uncategorized"],"aioseo_notices":[],"_links":{"self":[{"href":"https:\/\/estado29.mx\/index.php?rest_route=\/wp\/v2\/posts\/96487","targetHints":{"allow":["GET"]}}],"collection":[{"href":"https:\/\/estado29.mx\/index.php?rest_route=\/wp\/v2\/posts"}],"about":[{"href":"https:\/\/estado29.mx\/index.php?rest_route=\/wp\/v2\/types\/post"}],"author":[{"embeddable":true,"href":"https:\/\/estado29.mx\/index.php?rest_route=\/wp\/v2\/users\/4"}],"replies":[{"embeddable":true,"href":"https:\/\/estado29.mx\/index.php?rest_route=%2Fwp%2Fv2%2Fcomments&post=96487"}],"version-history":[{"count":1,"href":"https:\/\/estado29.mx\/index.php?rest_route=\/wp\/v2\/posts\/96487\/revisions"}],"predecessor-version":[{"id":96489,"href":"https:\/\/estado29.mx\/index.php?rest_route=\/wp\/v2\/posts\/96487\/revisions\/96489"}],"wp:featuredmedia":[{"embeddable":true,"href":"https:\/\/estado29.mx\/index.php?rest_route=\/wp\/v2\/media\/96488"}],"wp:attachment":[{"href":"https:\/\/estado29.mx\/index.php?rest_route=%2Fwp%2Fv2%2Fmedia&parent=96487"}],"wp:term":[{"taxonomy":"category","embeddable":true,"href":"https:\/\/estado29.mx\/index.php?rest_route=%2Fwp%2Fv2%2Fcategories&post=96487"},{"taxonomy":"post_tag","embeddable":true,"href":"https:\/\/estado29.mx\/index.php?rest_route=%2Fwp%2Fv2%2Ftags&post=96487"}],"curies":[{"name":"wp","href":"https:\/\/api.w.org\/{rel}","templated":true}]}}