{"id":96490,"date":"2025-06-16T01:40:58","date_gmt":"2025-06-16T01:40:58","guid":{"rendered":"https:\/\/estado29.mx\/?p=96490"},"modified":"2025-06-16T01:40:58","modified_gmt":"2025-06-16T01:40:58","slug":"autobus-choca-contra-caseta-en-cuapiaxtla-sin-heridos-graves","status":"publish","type":"post","link":"https:\/\/estado29.mx\/?p=96490","title":{"rendered":"Autob\u00fas choca contra caseta en Cuapiaxtla, sin heridos graves."},"content":{"rendered":"\n<p>Un autob\u00fas de la l\u00ednea &#8220;V\u00cdA&#8221; sufri\u00f3 un aparatoso accidente este domingo 15 de junio por la tarde, al impactarse contra la caseta de cobro de Cuapiaxtla en la autopista Amozoc-Perote.<\/p>\n\n\n\n<p>A pesar de lo impactante del suceso, no se reportaron personas con lesiones de gravedad.<\/p>\n\n\n\n<p>El incidente, que involucr\u00f3 el autob\u00fas con n\u00famero econ\u00f3mico 3665 y procedente de Puebla, habr\u00eda ocurrido cuando el conductor, presuntamente viajando a exceso de velocidad, perdi\u00f3 el control de la unidad. En una maniobra para evitar chocar con los veh\u00edculos que esperaban en la fila de peaje, el operador desvi\u00f3 el autob\u00fas hacia una barra met\u00e1lica lateral, donde finalmente se detuvo.<\/p>\n\n\n\n<p>Equipos de auxilio vial y servicios de emergencia llegaron r\u00e1pidamente al lugar. Tras evaluar a los pasajeros, se confirm\u00f3 que, afortunadamente, ninguno requiri\u00f3 traslado a un hospital. Algunos presentaron golpes leves y cuadros de crisis nerviosa, comprensibles ante la magnitud del impacto.<\/p>\n\n\n\n<p>La circulaci\u00f3n en la autopista se vio parcialmente afectada mientras se realizaban las labores para retirar el autob\u00fas. Una vez que las gr\u00faas concluyeron su trabajo, el flujo vehicular fue normalizado.<\/p>\n\n\n\n<p>Tanto la empresa operadora del autob\u00fas como Caminos y Puentes Federales (CAPUFE) ya est\u00e1n colaborando en las investigaciones para esclarecer las causas exactas del accidente y determinar las responsabilidades correspondientes.<\/p>\n","protected":false},"excerpt":{"rendered":"<p>Un autob\u00fas de la l\u00ednea &#8220;V\u00cdA&#8221; sufri\u00f3 un aparatoso accidente este domingo 15 de junio por la tarde, al impactarse contra la caseta de cobro de Cuapiaxtla en la autopista Amozoc-Perote. A pesar de lo impactante del suceso, no se reportaron personas con lesiones de gravedad. El incidente, que involucr\u00f3 el autob\u00fas con n\u00famero econ\u00f3mico [&hellip;]<\/p>\n","protected":false},"author":5,"featured_media":96491,"comment_status":"open","ping_status":"open","sticky":false,"template":"","format":"standard","meta":{"om_disable_all_campaigns":false,"_monsterinsights_skip_tracking":false,"_monsterinsights_sitenote_active":false,"_monsterinsights_sitenote_note":"","_monsterinsights_sitenote_category":0,"jnews-multi-image_gallery":[],"jnews_single_post":{"format":"standard"},"jnews_primary_category":[],"footnotes":""},"categories":[1],"tags":[],"class_list":["post-96490","post","type-post","status-publish","format-standard","has-post-thumbnail","hentry","category-uncategorized"],"aioseo_notices":[],"_links":{"self":[{"href":"https:\/\/estado29.mx\/index.php?rest_route=\/wp\/v2\/posts\/96490","targetHints":{"allow":["GET"]}}],"collection":[{"href":"https:\/\/estado29.mx\/index.php?rest_route=\/wp\/v2\/posts"}],"about":[{"href":"https:\/\/estado29.mx\/index.php?rest_route=\/wp\/v2\/types\/post"}],"author":[{"embeddable":true,"href":"https:\/\/estado29.mx\/index.php?rest_route=\/wp\/v2\/users\/5"}],"replies":[{"embeddable":true,"href":"https:\/\/estado29.mx\/index.php?rest_route=%2Fwp%2Fv2%2Fcomments&post=96490"}],"version-history":[{"count":1,"href":"https:\/\/estado29.mx\/index.php?rest_route=\/wp\/v2\/posts\/96490\/revisions"}],"predecessor-version":[{"id":96492,"href":"https:\/\/estado29.mx\/index.php?rest_route=\/wp\/v2\/posts\/96490\/revisions\/96492"}],"wp:featuredmedia":[{"embeddable":true,"href":"https:\/\/estado29.mx\/index.php?rest_route=\/wp\/v2\/media\/96491"}],"wp:attachment":[{"href":"https:\/\/estado29.mx\/index.php?rest_route=%2Fwp%2Fv2%2Fmedia&parent=96490"}],"wp:term":[{"taxonomy":"category","embeddable":true,"href":"https:\/\/estado29.mx\/index.php?rest_route=%2Fwp%2Fv2%2Fcategories&post=96490"},{"taxonomy":"post_tag","embeddable":true,"href":"https:\/\/estado29.mx\/index.php?rest_route=%2Fwp%2Fv2%2Ftags&post=96490"}],"curies":[{"name":"wp","href":"https:\/\/api.w.org\/{rel}","templated":true}]}}