{"id":96499,"date":"2025-06-16T13:32:47","date_gmt":"2025-06-16T13:32:47","guid":{"rendered":"https:\/\/estado29.mx\/?p=96499"},"modified":"2025-06-16T13:32:48","modified_gmt":"2025-06-16T13:32:48","slug":"tlaxcala-fortalece-coordinacion-regional-para-combatir-el-robo-de-vehiculos-motocicletas-y-autotransporte","status":"publish","type":"post","link":"https:\/\/estado29.mx\/?p=96499","title":{"rendered":"Tlaxcala fortalece coordinaci\u00f3n regional para combatir el robo de veh\u00edculos, motocicletas y autotransporte"},"content":{"rendered":"\n<p>\u2022La entidad particip\u00f3 en reuni\u00f3n interestatal convocada por la Secretar\u00eda de la Defensa, con el objetivo de consolidar una estrategia coordinada en la zona Centro del pa\u00eds para prevenir y combatir estos delitos<\/p>\n\n\n\n<p>Con el prop\u00f3sito de articular esfuerzos, compartir inteligencia y consolidar estrategias que permitan prevenir y reducir de manera efectiva el robo de veh\u00edculos, motocicletas y autotransporte en la regi\u00f3n Centro del pa\u00eds, el Gobierno del Estado de Tlaxcala particip\u00f3 en la Reuni\u00f3n Regional para la Prevenci\u00f3n y Reducci\u00f3n de estos delitos, celebrada con la presencia de representantes de la Ciudad de M\u00e9xico, Estado de M\u00e9xico, Morelos, Hidalgo, Puebla y Quer\u00e9taro, as\u00ed como de la Secretar\u00eda de la Defensa Nacional (Defensa) y la Guardia Nacional (GN).<\/p>\n\n\n\n<p>En representaci\u00f3n de la gobernadora Lorena Cu\u00e9llar Cisneros, el secretario de Gobierno, Luis Antonio Ram\u00edrez Hern\u00e1ndez, asisti\u00f3 a este encuentro, reiterando el compromiso firme y frontal de Tlaxcala en el combate a los delitos que afectan directamente a las familias. Subray\u00f3 la urgencia de enfrentar estas conductas delictivas desde una perspectiva integral y coordinada.<\/p>\n\n\n\n<p>Durante el acto de apertura, realizado en el Sal\u00f3n de Consejo de la Terminal de Pasajeros del Aeropuerto Internacional Felipe \u00c1ngeles (AIFA), el General de Divisi\u00f3n del Estado Mayor, Francisco Jes\u00fas Leana Ojeda, comandante de la Primera Regi\u00f3n Militar de Defensa, se\u00f1al\u00f3 que el combate a este delito requiere inteligencia, capacidad operativa, coordinaci\u00f3n efectiva y voluntad pol\u00edtica, reconociendo la corresponsabilidad de los gobiernos estatales.<\/p>\n\n\n\n<p>Al exponer la situaci\u00f3n de Tlaxcala, el secretario de Gobierno destac\u00f3 la visi\u00f3n estrat\u00e9gica de la gobernadora Lorena Cu\u00e9llar, quien ha definido a la seguridad p\u00fablica como una pol\u00edtica de Estado, respaldada por una inversi\u00f3n hist\u00f3rica superior a los 8 mil millones de pesos. Detall\u00f3 que la entidad cuenta con 46 arcos lectores fijos, 29 m\u00f3viles y 71 port\u00e1tiles, herramientas tecnol\u00f3gicas que han fortalecido la capacidad de prevenci\u00f3n y respuesta de las instituciones de seguridad.<\/p>\n\n\n\n<p>Gracias a esta infraestructura y a la estrecha coordinaci\u00f3n con las fuerzas armadas, instancias federales y municipales, Tlaxcala ha logrado contener la incidencia delictiva en este rubro, al reportar que en lo que va de 2025 el robo de veh\u00edculo disminuy\u00f3 42.71 por ciento con relaci\u00f3n al mismo periodo de 2024.<\/p>\n\n\n\n<p>Durante la reuni\u00f3n, Ram\u00edrez Hern\u00e1ndez propuso impulsar un mecanismo de interconectividad entre los C5 de las entidades participantes, que permita el monitoreo en tiempo real de veh\u00edculos con reporte de robo, el fortalecimiento del an\u00e1lisis criminal y la creaci\u00f3n de corredores seguros. Este planteamiento prev\u00e9 iniciar con el Arco Norte y las principales rutas de conexi\u00f3n entre Tlaxcala, Puebla, Hidalgo, Estado de M\u00e9xico y Ciudad de M\u00e9xico.<\/p>\n\n\n\n<p>Tambi\u00e9n se resalt\u00f3 que en el mes de junio se han registrado 44 robos de veh\u00edculos, la cifra m\u00e1s baja reportada desde 2015; adem\u00e1s, con el fin de fortalecer la respuesta institucional ante los delitos que afectan a la ciudadan\u00eda, se plante\u00f3 la necesidad de homologar el uso de sistemas para establecer acciones en el \u00e1mbito local para fortalecer la sanci\u00f3n de los delitos.<\/p>\n\n\n\n<p>Entre las estrategias discutidas en la mesa regional se definieron los siguientes ejes de acci\u00f3n: operaciones de disuasi\u00f3n y vigilancia; coordinaci\u00f3n interinstitucional; uso de tecnolog\u00edas de reconocimiento y rastreo; acciones de inteligencia militar; campa\u00f1as de prevenci\u00f3n ciudadana; e intervenci\u00f3n focalizada en zonas cr\u00edticas.<\/p>\n\n\n\n<p>Al evento tambi\u00e9n acudieron la Jefa de Gobierno de la Ciudad de M\u00e9xico, Clara Brugada; la gobernadora de Morelos, Margarita Gonz\u00e1lez Saravia; el General Jos\u00e9 Mart\u00edn Luna, coordinador territorial de la Guardia Nacional. Por parte de Tlaxcala, la fiscal General, Ernestina Carro Rold\u00e1n y el secretario de Seguridad Ciudadana, Alberto Mart\u00edn Perea Marrufo, y representantes de los siete estados que intervinieron.<\/p>\n\n\n\n<p>Con esta participaci\u00f3n, Tlaxcala reafirma su disposici\u00f3n a sumar capacidades, compartir buenas pr\u00e1cticas y actuar de manera inmediata para garantizar la seguridad de la regi\u00f3n centro del pa\u00eds, en favor de la tranquilidad de las familias de la zona.<\/p>\n","protected":false},"excerpt":{"rendered":"<p>\u2022La entidad particip\u00f3 en reuni\u00f3n interestatal convocada por la Secretar\u00eda de la Defensa, con el objetivo de consolidar una estrategia coordinada en la zona Centro del pa\u00eds para prevenir y combatir estos delitos Con el prop\u00f3sito de articular esfuerzos, compartir inteligencia y consolidar estrategias que permitan prevenir y reducir de manera efectiva el robo de [&hellip;]<\/p>\n","protected":false},"author":4,"featured_media":96500,"comment_status":"open","ping_status":"open","sticky":false,"template":"","format":"standard","meta":{"om_disable_all_campaigns":false,"_monsterinsights_skip_tracking":false,"_monsterinsights_sitenote_active":false,"_monsterinsights_sitenote_note":"","_monsterinsights_sitenote_category":0,"jnews-multi-image_gallery":[],"jnews_single_post":{"format":"standard"},"jnews_primary_category":[],"footnotes":""},"categories":[1],"tags":[],"class_list":["post-96499","post","type-post","status-publish","format-standard","has-post-thumbnail","hentry","category-uncategorized"],"aioseo_notices":[],"_links":{"self":[{"href":"https:\/\/estado29.mx\/index.php?rest_route=\/wp\/v2\/posts\/96499","targetHints":{"allow":["GET"]}}],"collection":[{"href":"https:\/\/estado29.mx\/index.php?rest_route=\/wp\/v2\/posts"}],"about":[{"href":"https:\/\/estado29.mx\/index.php?rest_route=\/wp\/v2\/types\/post"}],"author":[{"embeddable":true,"href":"https:\/\/estado29.mx\/index.php?rest_route=\/wp\/v2\/users\/4"}],"replies":[{"embeddable":true,"href":"https:\/\/estado29.mx\/index.php?rest_route=%2Fwp%2Fv2%2Fcomments&post=96499"}],"version-history":[{"count":1,"href":"https:\/\/estado29.mx\/index.php?rest_route=\/wp\/v2\/posts\/96499\/revisions"}],"predecessor-version":[{"id":96501,"href":"https:\/\/estado29.mx\/index.php?rest_route=\/wp\/v2\/posts\/96499\/revisions\/96501"}],"wp:featuredmedia":[{"embeddable":true,"href":"https:\/\/estado29.mx\/index.php?rest_route=\/wp\/v2\/media\/96500"}],"wp:attachment":[{"href":"https:\/\/estado29.mx\/index.php?rest_route=%2Fwp%2Fv2%2Fmedia&parent=96499"}],"wp:term":[{"taxonomy":"category","embeddable":true,"href":"https:\/\/estado29.mx\/index.php?rest_route=%2Fwp%2Fv2%2Fcategories&post=96499"},{"taxonomy":"post_tag","embeddable":true,"href":"https:\/\/estado29.mx\/index.php?rest_route=%2Fwp%2Fv2%2Ftags&post=96499"}],"curies":[{"name":"wp","href":"https:\/\/api.w.org\/{rel}","templated":true}]}}