{"id":96508,"date":"2025-06-16T13:47:26","date_gmt":"2025-06-16T13:47:26","guid":{"rendered":"https:\/\/estado29.mx\/?p=96508"},"modified":"2025-06-16T13:47:27","modified_gmt":"2025-06-16T13:47:27","slug":"tlaxcala-y-el-reino-de-marruecos-fortalecen-vinculos-diplomaticos-culturales-y-economicos","status":"publish","type":"post","link":"https:\/\/estado29.mx\/?p=96508","title":{"rendered":"Tlaxcala y el reino de marruecos fortalecen v\u00ednculos diplom\u00e1ticos, culturales y econ\u00f3micos"},"content":{"rendered":"\n<p><\/p>\n\n\n\n<p>\u2022En la recepci\u00f3n que encabez\u00f3 la titular del Ejecutivo estatal tambi\u00e9n participaron funcionarios, legisladores y diplom\u00e1ticos, quienes compartieron ideas para colocar a Tlaxcala en el mapa global<\/p>\n\n\n\n<p>Con la finalidad de fortalecer los v\u00ednculos diplom\u00e1ticos, culturales y econ\u00f3micos entre Tlaxcala y el Reino de Marruecos, este viernes, la gobernadora Lorena Cu\u00e9llar Cisneros recibi\u00f3 en Palacio de Gobierno al embajador del Reino de Marruecos en M\u00e9xico, Abdelfattah Lebbar, con quien abord\u00f3 temas clave del sector empresarial, con el prop\u00f3sito de explorar oportunidades de inversi\u00f3n, cooperaci\u00f3n bilateral y desarrollo conjunto en \u00e1reas estrat\u00e9gicas como el comercio, la agroindustria, el turismo y la innovaci\u00f3n.<\/p>\n\n\n\n<p>Durante el encuentro, la mandataria asegur\u00f3 que \u201cseguiremos fortaleciendo lazos de cooperaci\u00f3n que abran puertas de oportunidades para nuestra gente y nuestro futuro\u201d.<\/p>\n\n\n\n<p>En la recepci\u00f3n tambi\u00e9n participaron funcionarios del gobierno estatal, legisladores y diplom\u00e1ticos, quienes compartieron ideas de inversi\u00f3n y desarrollo, cultura, econom\u00eda y talento local para colocar a Tlaxcala en el mapa global.<\/p>\n\n\n\n<p>Posteriormente, el diplom\u00e1tico particip\u00f3 en una ceremonia c\u00edvica, recorri\u00f3 los murales del Palacio de Gobierno, acompa\u00f1ado de funcionarios de gobierno, legisladores y diplom\u00e1ticos<\/p>\n\n\n\n<p>Esta tarde, el embajador del Reino de Marruecos en M\u00e9xico tendr\u00e1 un encuentro con el secretario de Desarrollo Econ\u00f3mico, Javier Marroqu\u00edn Calder\u00f3n, en el Sal\u00f3n de Reuniones de la Sedeco, con el prop\u00f3sito de identificar oportunidades de inversi\u00f3n, intercambio comercial y cooperaci\u00f3n bilateral en sectores clave.<\/p>\n\n\n\n<p>La actividad diplom\u00e1tica continuar\u00e1 a trav\u00e9s de un encuentro con empresarios, quienes compartir\u00e1n experiencias, propuestas o iniciativas que puedan abrir oportunidades de colaboraci\u00f3n.<\/p>\n\n\n\n<p>La agenda de trabajo del diplom\u00e1tico continuar\u00e1 este s\u00e1bado con un car\u00e1cter cultural con una visita a la zona arqueol\u00f3gica de Tizatl\u00e1n, al taller del artista Juan de la Cruz, especialista en la confecci\u00f3n de gobelinos, en el municipio de Contla y un recorrido al Conjunto Conventual Franciscano y Catedralicio de Nuestra Se\u00f1ora de la Asunci\u00f3n, declarado Patrimonio Mundial por la UNESCO.<\/p>\n","protected":false},"excerpt":{"rendered":"<p>\u2022En la recepci\u00f3n que encabez\u00f3 la titular del Ejecutivo estatal tambi\u00e9n participaron funcionarios, legisladores y diplom\u00e1ticos, quienes compartieron ideas para colocar a Tlaxcala en el mapa global Con la finalidad de fortalecer los v\u00ednculos diplom\u00e1ticos, culturales y econ\u00f3micos entre Tlaxcala y el Reino de Marruecos, este viernes, la gobernadora Lorena Cu\u00e9llar Cisneros recibi\u00f3 en Palacio [&hellip;]<\/p>\n","protected":false},"author":4,"featured_media":96509,"comment_status":"open","ping_status":"open","sticky":false,"template":"","format":"standard","meta":{"om_disable_all_campaigns":false,"_monsterinsights_skip_tracking":false,"_monsterinsights_sitenote_active":false,"_monsterinsights_sitenote_note":"","_monsterinsights_sitenote_category":0,"jnews-multi-image_gallery":[],"jnews_single_post":{"format":"standard"},"jnews_primary_category":[],"footnotes":""},"categories":[1],"tags":[],"class_list":["post-96508","post","type-post","status-publish","format-standard","has-post-thumbnail","hentry","category-uncategorized"],"aioseo_notices":[],"_links":{"self":[{"href":"https:\/\/estado29.mx\/index.php?rest_route=\/wp\/v2\/posts\/96508","targetHints":{"allow":["GET"]}}],"collection":[{"href":"https:\/\/estado29.mx\/index.php?rest_route=\/wp\/v2\/posts"}],"about":[{"href":"https:\/\/estado29.mx\/index.php?rest_route=\/wp\/v2\/types\/post"}],"author":[{"embeddable":true,"href":"https:\/\/estado29.mx\/index.php?rest_route=\/wp\/v2\/users\/4"}],"replies":[{"embeddable":true,"href":"https:\/\/estado29.mx\/index.php?rest_route=%2Fwp%2Fv2%2Fcomments&post=96508"}],"version-history":[{"count":1,"href":"https:\/\/estado29.mx\/index.php?rest_route=\/wp\/v2\/posts\/96508\/revisions"}],"predecessor-version":[{"id":96510,"href":"https:\/\/estado29.mx\/index.php?rest_route=\/wp\/v2\/posts\/96508\/revisions\/96510"}],"wp:featuredmedia":[{"embeddable":true,"href":"https:\/\/estado29.mx\/index.php?rest_route=\/wp\/v2\/media\/96509"}],"wp:attachment":[{"href":"https:\/\/estado29.mx\/index.php?rest_route=%2Fwp%2Fv2%2Fmedia&parent=96508"}],"wp:term":[{"taxonomy":"category","embeddable":true,"href":"https:\/\/estado29.mx\/index.php?rest_route=%2Fwp%2Fv2%2Fcategories&post=96508"},{"taxonomy":"post_tag","embeddable":true,"href":"https:\/\/estado29.mx\/index.php?rest_route=%2Fwp%2Fv2%2Ftags&post=96508"}],"curies":[{"name":"wp","href":"https:\/\/api.w.org\/{rel}","templated":true}]}}