{"id":96517,"date":"2025-06-16T15:52:12","date_gmt":"2025-06-16T15:52:12","guid":{"rendered":"https:\/\/estado29.mx\/?p=96517"},"modified":"2025-06-16T15:52:13","modified_gmt":"2025-06-16T15:52:13","slug":"un-lesionado-deja-volcadura-en-la-perote-amozoc-a-la-altura-de-cuapiaxtla","status":"publish","type":"post","link":"https:\/\/estado29.mx\/?p=96517","title":{"rendered":"Un lesionado deja volcadura en la Perote &#8211; Amozoc, a la altura de Cuapiaxtla."},"content":{"rendered":"\n<p>Paco Ugarte<\/p>\n\n\n\n<p>Durante esta ma\u00f1ana se registr\u00f3 la volcadura de un veh\u00edculo compacto color blanco en la autopista Amozoc-Perote a la altura del kil\u00f3metro 73.<\/p>\n\n\n\n<p>De acuerdo con informaci\u00f3n de la Guardia Nacional divisi\u00f3n Carreteras, el incidente ocurri\u00f3 a la altura del kil\u00f3metro 73 de la autopista Amozoc-Perote, entre Cuapiaxtla y el t\u00fanel, en donde, debido a la falta de pericia y el pavimento mojado, un veh\u00edculo particular derrap\u00f3, provocando que se volcara a un costado de la carretera.<\/p>\n\n\n\n<p>Automovilistas que circulaban en la zona dieron aviso a trav\u00e9s de los n\u00fameros de emergencia y a la zona acudieron elementos de seguridad quienes abanderan la circulaci\u00f3n, en tanto personal de gr\u00faas retira la unidad de la vialidad.<\/p>\n\n\n\n<p>Hasta este momento se desconoce el estado de salud de la persona lesionada sin embargo, tuvo que ser valorada por param\u00e9dicos para su atenci\u00f3n m\u00e9dica, en tanto la zona est\u00e1 parcialmente cerrada,&nbsp;<\/p>\n","protected":false},"excerpt":{"rendered":"<p>Paco Ugarte Durante esta ma\u00f1ana se registr\u00f3 la volcadura de un veh\u00edculo compacto color blanco en la autopista Amozoc-Perote a la altura del kil\u00f3metro 73. De acuerdo con informaci\u00f3n de la Guardia Nacional divisi\u00f3n Carreteras, el incidente ocurri\u00f3 a la altura del kil\u00f3metro 73 de la autopista Amozoc-Perote, entre Cuapiaxtla y el t\u00fanel, en donde, [&hellip;]<\/p>\n","protected":false},"author":5,"featured_media":96518,"comment_status":"open","ping_status":"open","sticky":false,"template":"","format":"standard","meta":{"om_disable_all_campaigns":false,"_monsterinsights_skip_tracking":false,"_monsterinsights_sitenote_active":false,"_monsterinsights_sitenote_note":"","_monsterinsights_sitenote_category":0,"jnews-multi-image_gallery":[],"jnews_single_post":{"format":"standard"},"jnews_primary_category":[],"footnotes":""},"categories":[1],"tags":[],"class_list":["post-96517","post","type-post","status-publish","format-standard","has-post-thumbnail","hentry","category-uncategorized"],"aioseo_notices":[],"_links":{"self":[{"href":"https:\/\/estado29.mx\/index.php?rest_route=\/wp\/v2\/posts\/96517","targetHints":{"allow":["GET"]}}],"collection":[{"href":"https:\/\/estado29.mx\/index.php?rest_route=\/wp\/v2\/posts"}],"about":[{"href":"https:\/\/estado29.mx\/index.php?rest_route=\/wp\/v2\/types\/post"}],"author":[{"embeddable":true,"href":"https:\/\/estado29.mx\/index.php?rest_route=\/wp\/v2\/users\/5"}],"replies":[{"embeddable":true,"href":"https:\/\/estado29.mx\/index.php?rest_route=%2Fwp%2Fv2%2Fcomments&post=96517"}],"version-history":[{"count":1,"href":"https:\/\/estado29.mx\/index.php?rest_route=\/wp\/v2\/posts\/96517\/revisions"}],"predecessor-version":[{"id":96519,"href":"https:\/\/estado29.mx\/index.php?rest_route=\/wp\/v2\/posts\/96517\/revisions\/96519"}],"wp:featuredmedia":[{"embeddable":true,"href":"https:\/\/estado29.mx\/index.php?rest_route=\/wp\/v2\/media\/96518"}],"wp:attachment":[{"href":"https:\/\/estado29.mx\/index.php?rest_route=%2Fwp%2Fv2%2Fmedia&parent=96517"}],"wp:term":[{"taxonomy":"category","embeddable":true,"href":"https:\/\/estado29.mx\/index.php?rest_route=%2Fwp%2Fv2%2Fcategories&post=96517"},{"taxonomy":"post_tag","embeddable":true,"href":"https:\/\/estado29.mx\/index.php?rest_route=%2Fwp%2Fv2%2Ftags&post=96517"}],"curies":[{"name":"wp","href":"https:\/\/api.w.org\/{rel}","templated":true}]}}